{"id":10001,"date":"2025-07-28T16:02:33","date_gmt":"2025-07-28T19:02:33","guid":{"rendered":"https:\/\/lalupa24.com.ar\/?p=10001"},"modified":"2025-07-28T16:02:35","modified_gmt":"2025-07-28T19:02:35","slug":"produccion-valoro-la-reduccion-de-las-retenciones-agropecuarias","status":"publish","type":"post","link":"https:\/\/lalupa24.com.ar\/index.php\/2025\/07\/28\/produccion-valoro-la-reduccion-de-las-retenciones-agropecuarias\/","title":{"rendered":"PRODUCCI\u00d3N VALOR\u00d3 LA REDUCCI\u00d3N DE LAS RETENCIONES AGROPECUARIAS"},"content":{"rendered":"\n<p><strong>El ministro de la Producci\u00f3n, Oscar Dudik, valor\u00f3 el anuncio realizado, este fin de semana, por el Presidente de la Naci\u00f3n Javier Milei respecto a la reducci\u00f3n de retenciones al sector agropecuario, destacando el impacto positivo que esta medida tendr\u00e1 en las provincias productivas.<\/strong><\/p>\n\n\n\n<p>\u201cComenzar a reducir las retenciones es un buen gesto. Es reconocer al que produce, invierte y genera trabajo en nuestras provincias\u201d, afirm\u00f3 Dudik.<br>El titular de la cartera productiva se\u00f1al\u00f3 que &#8220;para el Chaco y la regi\u00f3n, esta decisi\u00f3n representa un alivio y una oportunidad\u201d, ya que \u201calienta y vuelve a incentivar a nuestros productores\u201d.<\/p>\n\n\n\n<p><strong>Dudik: \u201cSiempre vamos a acompa\u00f1ar el crecimiento de las econom\u00edas regionales\u201d<\/strong><br>\u201cAunque falta mucho por hacer, desde el Ministerio de Producci\u00f3n valoramos este paso, esta decisi\u00f3n del gobierno nacional que va en la direcci\u00f3n correcta: menos presi\u00f3n impositiva, m\u00e1s desarrollo local y m\u00e1s futuro para nuestra gente\u201d, subray\u00f3 el ministro.<br>Finalmente, el titular del Ministerio de la Producci\u00f3n adelant\u00f3 que continuar\u00e1n &#8220;trabajando junto al sector agropecuario, articulando acciones para potenciar las capacidades productivas de la provincia y siempre vamos a acompa\u00f1ar el crecimiento de las econom\u00edas regionales&#8221;.<\/p>\n","protected":false},"excerpt":{"rendered":"<p>El ministro de la Producci\u00f3n, Oscar Dudik, valor\u00f3 el anuncio realizado, este fin de semana, por el Presidente de la Naci\u00f3n Javier Milei respecto a la reducci\u00f3n de retenciones al sector agropecuario, destacando el impacto positivo que esta medida tendr\u00e1 en las provincias productivas. \u201cComenzar a reducir las retenciones es un buen gesto. Es reconocer [&hellip;]<\/p>\n","protected":false},"author":2,"featured_media":10002,"comment_status":"open","ping_status":"open","sticky":false,"template":"","format":"standard","meta":{"footnotes":""},"categories":[28],"tags":[],"class_list":{"0":"post-10001","1":"post","2":"type-post","3":"status-publish","4":"format-standard","5":"has-post-thumbnail","7":"category-locales"},"aioseo_notices":[],"_links":{"self":[{"href":"https:\/\/lalupa24.com.ar\/index.php\/wp-json\/wp\/v2\/posts\/10001","targetHints":{"allow":["GET"]}}],"collection":[{"href":"https:\/\/lalupa24.com.ar\/index.php\/wp-json\/wp\/v2\/posts"}],"about":[{"href":"https:\/\/lalupa24.com.ar\/index.php\/wp-json\/wp\/v2\/types\/post"}],"author":[{"embeddable":true,"href":"https:\/\/lalupa24.com.ar\/index.php\/wp-json\/wp\/v2\/users\/2"}],"replies":[{"embeddable":true,"href":"https:\/\/lalupa24.com.ar\/index.php\/wp-json\/wp\/v2\/comments?post=10001"}],"version-history":[{"count":1,"href":"https:\/\/lalupa24.com.ar\/index.php\/wp-json\/wp\/v2\/posts\/10001\/revisions"}],"predecessor-version":[{"id":10003,"href":"https:\/\/lalupa24.com.ar\/index.php\/wp-json\/wp\/v2\/posts\/10001\/revisions\/10003"}],"wp:featuredmedia":[{"embeddable":true,"href":"https:\/\/lalupa24.com.ar\/index.php\/wp-json\/wp\/v2\/media\/10002"}],"wp:attachment":[{"href":"https:\/\/lalupa24.com.ar\/index.php\/wp-json\/wp\/v2\/media?parent=10001"}],"wp:term":[{"taxonomy":"category","embeddable":true,"href":"https:\/\/lalupa24.com.ar\/index.php\/wp-json\/wp\/v2\/categories?post=10001"},{"taxonomy":"post_tag","embeddable":true,"href":"https:\/\/lalupa24.com.ar\/index.php\/wp-json\/wp\/v2\/tags?post=10001"}],"curies":[{"name":"wp","href":"https:\/\/api.w.org\/{rel}","templated":true}]}}