{"id":10044,"date":"2025-07-29T16:32:29","date_gmt":"2025-07-29T19:32:29","guid":{"rendered":"https:\/\/lalupa24.com.ar\/?p=10044"},"modified":"2025-07-29T16:32:31","modified_gmt":"2025-07-29T19:32:31","slug":"la-pesada-deuda-de-capitanich-peppo-impide-mejoras-de-salarios","status":"publish","type":"post","link":"https:\/\/lalupa24.com.ar\/index.php\/2025\/07\/29\/la-pesada-deuda-de-capitanich-peppo-impide-mejoras-de-salarios\/","title":{"rendered":"LA PESADA DEUDA DE CAPITANICH-PEPPO, IMPIDE MEJORAS DE SALARIOS"},"content":{"rendered":"\n<p>Este martes, el ministro de Hacienda y Finanzas, Alejandro Abraam y el subsecretario coordinador econ\u00f3mico, Guillermo Ag\u00fcero, detallaron el duro escenario econ\u00f3mico provincial y&nbsp;<strong>la actual situaci\u00f3n financiera por una Mega deuda heredada de las gestiones Capitanich y Peppo.&nbsp;<\/strong>Esa deuda heredada, producto de a\u00f1os de desmanejo, condiciona las posibilidades actuales de otorgar aumentos salariales. \u201cHoy, la prioridad es cumplir con los compromisos financieros asumidos y garantizar la provisi\u00f3n de servicios b\u00e1sicos. Nos encontramos con una realidad muy compleja despu\u00e9s de 16 a\u00f1os de despilfarro\u201d, se\u00f1alaron.<\/p>\n\n\n\n<p>El equipo tambi\u00e9n explic\u00f3 que la posibilidad de una mejora en la situaci\u00f3n fiscal est\u00e1 condicionada al crecimiento de la coparticipaci\u00f3n y al repunte de la actividad econ\u00f3mica. \u201cEstamos rindiendo cuentas de cara a la ciudadan\u00eda, con total transparencia y responsabilidad, hablando con la verdad sobre el estado real de las finanzas chaque\u00f1as. Estamos en el camino correcto del orden y administrando una provincia que no se la va a cambiar de la noche a la ma\u00f1ana\u201d- concluyeron.<\/p>\n","protected":false},"excerpt":{"rendered":"<p>Este martes, el ministro de Hacienda y Finanzas, Alejandro Abraam y el subsecretario coordinador econ\u00f3mico, Guillermo Ag\u00fcero, detallaron el duro escenario econ\u00f3mico provincial y&nbsp;la actual situaci\u00f3n financiera por una Mega deuda heredada de las gestiones Capitanich y Peppo.&nbsp;Esa deuda heredada, producto de a\u00f1os de desmanejo, condiciona las posibilidades actuales de otorgar aumentos salariales. \u201cHoy, la [&hellip;]<\/p>\n","protected":false},"author":2,"featured_media":10045,"comment_status":"open","ping_status":"open","sticky":false,"template":"","format":"standard","meta":{"footnotes":""},"categories":[28],"tags":[],"class_list":{"0":"post-10044","1":"post","2":"type-post","3":"status-publish","4":"format-standard","5":"has-post-thumbnail","7":"category-locales"},"aioseo_notices":[],"_links":{"self":[{"href":"https:\/\/lalupa24.com.ar\/index.php\/wp-json\/wp\/v2\/posts\/10044","targetHints":{"allow":["GET"]}}],"collection":[{"href":"https:\/\/lalupa24.com.ar\/index.php\/wp-json\/wp\/v2\/posts"}],"about":[{"href":"https:\/\/lalupa24.com.ar\/index.php\/wp-json\/wp\/v2\/types\/post"}],"author":[{"embeddable":true,"href":"https:\/\/lalupa24.com.ar\/index.php\/wp-json\/wp\/v2\/users\/2"}],"replies":[{"embeddable":true,"href":"https:\/\/lalupa24.com.ar\/index.php\/wp-json\/wp\/v2\/comments?post=10044"}],"version-history":[{"count":1,"href":"https:\/\/lalupa24.com.ar\/index.php\/wp-json\/wp\/v2\/posts\/10044\/revisions"}],"predecessor-version":[{"id":10046,"href":"https:\/\/lalupa24.com.ar\/index.php\/wp-json\/wp\/v2\/posts\/10044\/revisions\/10046"}],"wp:featuredmedia":[{"embeddable":true,"href":"https:\/\/lalupa24.com.ar\/index.php\/wp-json\/wp\/v2\/media\/10045"}],"wp:attachment":[{"href":"https:\/\/lalupa24.com.ar\/index.php\/wp-json\/wp\/v2\/media?parent=10044"}],"wp:term":[{"taxonomy":"category","embeddable":true,"href":"https:\/\/lalupa24.com.ar\/index.php\/wp-json\/wp\/v2\/categories?post=10044"},{"taxonomy":"post_tag","embeddable":true,"href":"https:\/\/lalupa24.com.ar\/index.php\/wp-json\/wp\/v2\/tags?post=10044"}],"curies":[{"name":"wp","href":"https:\/\/api.w.org\/{rel}","templated":true}]}}