{"id":1005,"date":"2024-03-05T08:37:13","date_gmt":"2024-03-05T11:37:13","guid":{"rendered":"https:\/\/lalupa24.com.ar\/?p=1005"},"modified":"2024-04-24T08:39:59","modified_gmt":"2024-04-24T11:39:59","slug":"el-gobierno-provincial-presento-las-actividades-por-el-mes-de-la-mujer","status":"publish","type":"post","link":"https:\/\/lalupa24.com.ar\/index.php\/2024\/03\/05\/el-gobierno-provincial-presento-las-actividades-por-el-mes-de-la-mujer\/","title":{"rendered":"El gobierno provincial presento las actividades por el mes de la mujer"},"content":{"rendered":"\n<p>Acompa\u00f1aron en la mesa, la ministra de Desarrollo Humano, Carina Botteri Disoff, las subsecretaria de G\u00e9nero y Diversidad, Sonia Valenzuela, de Acci\u00f3n Comunitaria, Tamara Silvestri y la subsecretaria de Promoci\u00f3n de la Salud y Prevenci\u00f3n de Enfermedades, Antonieta Cayr\u00e9.<br>\u201cQueremos hacer un reconocimiento a las mujeres chaque\u00f1as para que sientan que las apoyamos en su lucha, en su emprendimiento, su trabajo, y cada cosa que necesiten porque desde el gobierno provincial estamos trabajando para acompa\u00f1arlas en cada situaci\u00f3n\u201d aseguro la vicegobernadora y agreg\u00f3: \u201ctambi\u00e9n estamos para potenciarlas, mostrarlas a la regi\u00f3n y al pa\u00eds. Y, como siempre digo, estoy convencida de que juntas somos m\u00e1s\u201d<br>Por otra parte, Schneider remarc\u00f3 que: \u201clos lugares que tienen las mujeres hoy, no son porque nos hayan regalado, sino que nos hemos ganado con nuestro esfuerzo\u201d.<br>Para finalizar, la mandataria provincial dej\u00f3 en claro que \u201cindependientemente del mes de marzo, todos las mujeres saben que pueden contar con todo el Estado provincial y que sepan que las acompa\u00f1amos\u201d.<br>La subsecretaria de G\u00e9nero y Diversidad, Sonia Valenzuela, expres\u00f3 que esta agenda es interministerial y que trabaja con todos los estamentos del Estado y los tres poderes. \u201cHicimos una agenda conjunta donde intervienen distintos sectores, llegando a todos los municipios chaque\u00f1os\u201d<br>\u00a0El 8 de marzo, a las 8:30 hs, se realizar\u00e1 la jornada \u201cHistoria y conquistas de las mujeres\u201d en Casa de las Culturas donde estar\u00e1n presentes autoridades de los tres poderes.<br>A las 9, habr\u00e1 un panel sobre perspectiva de G\u00e9nero y Justicia a cargo de Mar\u00eda Emilia Valle, Zunilda Niremperger, Elia Pisarello y Elizabeth Gonz\u00e1lez. Luego, a las 10, habr\u00e1 \u201cRelatos de Mujeres Chaque\u00f1as\u201d de Silvana Schneider y Rosy Salazar. Y culminar\u00e1 con la obra de teatro \u201cAroma de mazamorra\u201d.<br>Por la tarde, desde las 19, en el Guido Miranda se llevar\u00e1 adelante el\u00a0 acto de entrega de homenaje y reconocimientos en el marco de \u201cLa Mujer Destacada\u201d.<br>El s\u00e1bado 9,\u00a0 las actividades contin\u00faan a las 17 en Casa de las Culturas, con un conversatorio del \u201cFinanciamiento en la empresa de la mujer\u201d a cargo de las Mujeres Empresarias y Ejecutivas del Chaco (AmeeCh). Luego, el gobernador, Leandro Zdero, firmar\u00e1 un convenio con el CFI para cr\u00e9ditos a mujeres emprendedoras. Durante toda la jornada habr\u00e1 exposici\u00f3n de artistas mujeres y en la plaza 25 de Mayo habr\u00e1 una Feria de Emprendedoras.<br>Por otra parte, ese mismo s\u00e1bado se desarrollar\u00e1 una marat\u00f3n por el d\u00eda de la mujer, organizado por la Fundaci\u00f3n Sporting y el Ministerio de Desarrollo Humano.<br>El jueves 14, a las 18:30, se llevar\u00e1 adelante una Charla de concientizaci\u00f3n con fiscales de g\u00e9nero;\u00a0 luego una mesa con familiares de v\u00edctimas de violencia de g\u00e9nero en el auditorio de Ciencias Econ\u00f3micas de la Unne.<br>El viernes 15, a las 18, en el barrio Toba realizar\u00e1n una charla con mujeres originarias, a cargo del Ministerio de Gobierno y la Municipalidad de Resistencia.<br>El s\u00e1bado 16, se realizar\u00e1 un reconocimiento a las mujeres de la Polic\u00eda del Chaco de mayor rango por parte del Ministerio de Justica, a trav\u00e9s de la Subsecretar\u00eda de Acci\u00f3n Comunitaria.<br>El jueves 21, a las 19, el Instituto del Deporte propone una charla con mujeres ligadas al deporte chaque\u00f1o donde participar\u00e1n deportistas, dirigentes y educadoras.<br>El viernes 22, las actividades se trasladar\u00e1n a Las Bre\u00f1as donde se desarrollar\u00e1 una jornada en el marco del D\u00eda de la Mujer del cual ser\u00e1n part\u00edcipe el Ministerio de Gobierno, a trav\u00e9s de la Subsecretar\u00eda de Genero, el Ministerio de Salud y el Instituto del Deporte.<br>Y las actividades concluir\u00e1n el mi\u00e9rcoles 27, a las 19, con un Cine debate con la presentaci\u00f3n de la pel\u00edcula \u201cNuestra venganza es ser felices\u201d con la presencia de Sonia S\u00e1nchez, sobreviviente de Trata y con la participaci\u00f3n de la jueza federal, Zunilda Niremperger.<br><strong>Actividades del Instituto de Turismo<br><\/strong>Por su parte, el Instituto de Turismo, a cargo de Ver\u00f3nica Mazzarolli, realizar\u00e1 actividades de recreaci\u00f3n para todas aquellas mujeres que deseen conocer a nuestro Chaco.\u00a0<br>El 9 de marzo la primera parada ser\u00e1 en General San Mart\u00edn donde visitaran y Recorrer\u00e1n el Establecimiento La Victoria y el Establecimiento La Tomasa.\u00a0<br>El s\u00e1bado 16, ser\u00e1 en Miraflores donde habr\u00e1 una Visita al Centro cultural alternativo Impenetrable y Mira Pacha por la ma\u00f1ana. Por la tarde se realizar\u00e1 una charla en el marco del d\u00eda de la Mujer y apertura de temporada junto a la Fundaci\u00f3n Rewilding.<br>El 23, visitar\u00e1n Capit\u00e1n Solari para conocer el Parque Nacional Chaco y habr\u00e1 un almuerzo en el parque a cargo de la gastron\u00f3mica local \u201cComedor la Amistad\u201d con Sabores del Chaco.<\/p>\n","protected":false},"excerpt":{"rendered":"<p>Acompa\u00f1aron en la mesa, la ministra de Desarrollo Humano, Carina Botteri Disoff, las subsecretaria de G\u00e9nero y Diversidad, Sonia Valenzuela, de Acci\u00f3n Comunitaria, Tamara Silvestri y la subsecretaria de Promoci\u00f3n de la Salud y Prevenci\u00f3n de Enfermedades, Antonieta Cayr\u00e9.\u201cQueremos hacer un reconocimiento a las mujeres chaque\u00f1as para que sientan que las apoyamos en su lucha, [&hellip;]<\/p>\n","protected":false},"author":2,"featured_media":1006,"comment_status":"open","ping_status":"open","sticky":false,"template":"","format":"standard","meta":{"footnotes":""},"categories":[28],"tags":[],"class_list":{"0":"post-1005","1":"post","2":"type-post","3":"status-publish","4":"format-standard","5":"has-post-thumbnail","7":"category-locales"},"aioseo_notices":[],"_links":{"self":[{"href":"https:\/\/lalupa24.com.ar\/index.php\/wp-json\/wp\/v2\/posts\/1005","targetHints":{"allow":["GET"]}}],"collection":[{"href":"https:\/\/lalupa24.com.ar\/index.php\/wp-json\/wp\/v2\/posts"}],"about":[{"href":"https:\/\/lalupa24.com.ar\/index.php\/wp-json\/wp\/v2\/types\/post"}],"author":[{"embeddable":true,"href":"https:\/\/lalupa24.com.ar\/index.php\/wp-json\/wp\/v2\/users\/2"}],"replies":[{"embeddable":true,"href":"https:\/\/lalupa24.com.ar\/index.php\/wp-json\/wp\/v2\/comments?post=1005"}],"version-history":[{"count":1,"href":"https:\/\/lalupa24.com.ar\/index.php\/wp-json\/wp\/v2\/posts\/1005\/revisions"}],"predecessor-version":[{"id":1007,"href":"https:\/\/lalupa24.com.ar\/index.php\/wp-json\/wp\/v2\/posts\/1005\/revisions\/1007"}],"wp:featuredmedia":[{"embeddable":true,"href":"https:\/\/lalupa24.com.ar\/index.php\/wp-json\/wp\/v2\/media\/1006"}],"wp:attachment":[{"href":"https:\/\/lalupa24.com.ar\/index.php\/wp-json\/wp\/v2\/media?parent=1005"}],"wp:term":[{"taxonomy":"category","embeddable":true,"href":"https:\/\/lalupa24.com.ar\/index.php\/wp-json\/wp\/v2\/categories?post=1005"},{"taxonomy":"post_tag","embeddable":true,"href":"https:\/\/lalupa24.com.ar\/index.php\/wp-json\/wp\/v2\/tags?post=1005"}],"curies":[{"name":"wp","href":"https:\/\/api.w.org\/{rel}","templated":true}]}}