{"id":10065,"date":"2025-07-29T16:37:01","date_gmt":"2025-07-29T19:37:01","guid":{"rendered":"https:\/\/lalupa24.com.ar\/?p=10065"},"modified":"2025-07-29T16:37:03","modified_gmt":"2025-07-29T19:37:03","slug":"el-ultimo-adios-a-la-locomotora-oliveras-habra-un-velatorio-publico-en-santa-fe","status":"publish","type":"post","link":"https:\/\/lalupa24.com.ar\/index.php\/2025\/07\/29\/el-ultimo-adios-a-la-locomotora-oliveras-habra-un-velatorio-publico-en-santa-fe\/","title":{"rendered":"El \u00faltimo adi\u00f3s a la Locomotora Oliveras: habr\u00e1 un velatorio p\u00fablico en Santa Fe"},"content":{"rendered":"\n<p>Luego de luchar por su vida durante tres semanas tras haber sufrido un accidente cerebrovascular isqu\u00e9mico,<strong>\u00a0Alejandra &#8216;Locomotora&#8217; Oliveras falleci\u00f3 el lunes 28 de julio<\/strong>\u00a0en horas de la tarde. Este martes<strong>\u00a0ser\u00e1 velada por su familia y por la tarde sus restos ser\u00e1n trasladados a la Legislatura de Santa Fe<\/strong>, donde el p\u00fablico podr\u00e1 despedir a la seis veces campeona mundial.<\/p>\n","protected":false},"excerpt":{"rendered":"<p>Luego de luchar por su vida durante tres semanas tras haber sufrido un accidente cerebrovascular isqu\u00e9mico,\u00a0Alejandra &#8216;Locomotora&#8217; Oliveras falleci\u00f3 el lunes 28 de julio\u00a0en horas de la tarde. Este martes\u00a0ser\u00e1 velada por su familia y por la tarde sus restos ser\u00e1n trasladados a la Legislatura de Santa Fe, donde el p\u00fablico podr\u00e1 despedir a la [&hellip;]<\/p>\n","protected":false},"author":2,"featured_media":10066,"comment_status":"open","ping_status":"open","sticky":false,"template":"","format":"standard","meta":{"footnotes":""},"categories":[100],"tags":[],"class_list":{"0":"post-10065","1":"post","2":"type-post","3":"status-publish","4":"format-standard","5":"has-post-thumbnail","7":"category-deportes"},"aioseo_notices":[],"_links":{"self":[{"href":"https:\/\/lalupa24.com.ar\/index.php\/wp-json\/wp\/v2\/posts\/10065","targetHints":{"allow":["GET"]}}],"collection":[{"href":"https:\/\/lalupa24.com.ar\/index.php\/wp-json\/wp\/v2\/posts"}],"about":[{"href":"https:\/\/lalupa24.com.ar\/index.php\/wp-json\/wp\/v2\/types\/post"}],"author":[{"embeddable":true,"href":"https:\/\/lalupa24.com.ar\/index.php\/wp-json\/wp\/v2\/users\/2"}],"replies":[{"embeddable":true,"href":"https:\/\/lalupa24.com.ar\/index.php\/wp-json\/wp\/v2\/comments?post=10065"}],"version-history":[{"count":1,"href":"https:\/\/lalupa24.com.ar\/index.php\/wp-json\/wp\/v2\/posts\/10065\/revisions"}],"predecessor-version":[{"id":10067,"href":"https:\/\/lalupa24.com.ar\/index.php\/wp-json\/wp\/v2\/posts\/10065\/revisions\/10067"}],"wp:featuredmedia":[{"embeddable":true,"href":"https:\/\/lalupa24.com.ar\/index.php\/wp-json\/wp\/v2\/media\/10066"}],"wp:attachment":[{"href":"https:\/\/lalupa24.com.ar\/index.php\/wp-json\/wp\/v2\/media?parent=10065"}],"wp:term":[{"taxonomy":"category","embeddable":true,"href":"https:\/\/lalupa24.com.ar\/index.php\/wp-json\/wp\/v2\/categories?post=10065"},{"taxonomy":"post_tag","embeddable":true,"href":"https:\/\/lalupa24.com.ar\/index.php\/wp-json\/wp\/v2\/tags?post=10065"}],"curies":[{"name":"wp","href":"https:\/\/api.w.org\/{rel}","templated":true}]}}