{"id":10113,"date":"2025-07-30T16:12:52","date_gmt":"2025-07-30T19:12:52","guid":{"rendered":"https:\/\/lalupa24.com.ar\/?p=10113"},"modified":"2025-07-30T16:12:54","modified_gmt":"2025-07-30T19:12:54","slug":"identificaron-a-la-nena-de-13-anos-que-murio-junto-a-mila-yankelevich-en-el-tragico-choque-nautico-era-chilena-y-hace-menos-de-un-ano-que-vivia-en-miami","status":"publish","type":"post","link":"https:\/\/lalupa24.com.ar\/index.php\/2025\/07\/30\/identificaron-a-la-nena-de-13-anos-que-murio-junto-a-mila-yankelevich-en-el-tragico-choque-nautico-era-chilena-y-hace-menos-de-un-ano-que-vivia-en-miami\/","title":{"rendered":"Identificaron a la nena de 13 a\u00f1os que muri\u00f3 junto a Mila Yankelevich en el tr\u00e1gico choque n\u00e1utico: era chilena y hace menos de un a\u00f1o que viv\u00eda en Miami"},"content":{"rendered":"\n<p>En medio de la conmoci\u00f3n que provoc\u00f3\u00a0<strong>el tr\u00e1gico choque entre una barcaza y un velero<\/strong>\u00a0ocurrido el pasado lunes frente a la Hibiscus Island, en la costa de Miami Beach, las autoridades locales comunicaron que ya lograron identificar a la segunda v\u00edctima fatal. Adem\u00e1s de la argentina de\u00a0<strong>Mila Yankelevich<\/strong>, la nieta menor de Cris Morena y Gustavo Yankelevich, en el siniestro tambi\u00e9n falleci\u00f3 una ni\u00f1a chilena de 13 a\u00f1os.<\/p>\n","protected":false},"excerpt":{"rendered":"<p>En medio de la conmoci\u00f3n que provoc\u00f3\u00a0el tr\u00e1gico choque entre una barcaza y un velero\u00a0ocurrido el pasado lunes frente a la Hibiscus Island, en la costa de Miami Beach, las autoridades locales comunicaron que ya lograron identificar a la segunda v\u00edctima fatal. Adem\u00e1s de la argentina de\u00a0Mila Yankelevich, la nieta menor de Cris Morena y [&hellip;]<\/p>\n","protected":false},"author":2,"featured_media":10114,"comment_status":"open","ping_status":"open","sticky":false,"template":"","format":"standard","meta":{"footnotes":""},"categories":[26],"tags":[],"class_list":{"0":"post-10113","1":"post","2":"type-post","3":"status-publish","4":"format-standard","5":"has-post-thumbnail","7":"category-nacionales"},"aioseo_notices":[],"_links":{"self":[{"href":"https:\/\/lalupa24.com.ar\/index.php\/wp-json\/wp\/v2\/posts\/10113","targetHints":{"allow":["GET"]}}],"collection":[{"href":"https:\/\/lalupa24.com.ar\/index.php\/wp-json\/wp\/v2\/posts"}],"about":[{"href":"https:\/\/lalupa24.com.ar\/index.php\/wp-json\/wp\/v2\/types\/post"}],"author":[{"embeddable":true,"href":"https:\/\/lalupa24.com.ar\/index.php\/wp-json\/wp\/v2\/users\/2"}],"replies":[{"embeddable":true,"href":"https:\/\/lalupa24.com.ar\/index.php\/wp-json\/wp\/v2\/comments?post=10113"}],"version-history":[{"count":1,"href":"https:\/\/lalupa24.com.ar\/index.php\/wp-json\/wp\/v2\/posts\/10113\/revisions"}],"predecessor-version":[{"id":10115,"href":"https:\/\/lalupa24.com.ar\/index.php\/wp-json\/wp\/v2\/posts\/10113\/revisions\/10115"}],"wp:featuredmedia":[{"embeddable":true,"href":"https:\/\/lalupa24.com.ar\/index.php\/wp-json\/wp\/v2\/media\/10114"}],"wp:attachment":[{"href":"https:\/\/lalupa24.com.ar\/index.php\/wp-json\/wp\/v2\/media?parent=10113"}],"wp:term":[{"taxonomy":"category","embeddable":true,"href":"https:\/\/lalupa24.com.ar\/index.php\/wp-json\/wp\/v2\/categories?post=10113"},{"taxonomy":"post_tag","embeddable":true,"href":"https:\/\/lalupa24.com.ar\/index.php\/wp-json\/wp\/v2\/tags?post=10113"}],"curies":[{"name":"wp","href":"https:\/\/api.w.org\/{rel}","templated":true}]}}