{"id":10125,"date":"2025-07-30T16:15:48","date_gmt":"2025-07-30T19:15:48","guid":{"rendered":"https:\/\/lalupa24.com.ar\/?p=10125"},"modified":"2025-07-30T16:15:49","modified_gmt":"2025-07-30T19:15:49","slug":"kicillof-y-massa-refuerzan-la-campana-en-la-primera-seccion-y-apuntan-a-los-intendentes-propios","status":"publish","type":"post","link":"https:\/\/lalupa24.com.ar\/index.php\/2025\/07\/30\/kicillof-y-massa-refuerzan-la-campana-en-la-primera-seccion-y-apuntan-a-los-intendentes-propios\/","title":{"rendered":"Kicillof y Massa refuerzan la campa\u00f1a en la Primera secci\u00f3n y apuntan a los intendentes propios"},"content":{"rendered":"\n<p>El gobernador bonaerense,&nbsp;<strong>Axel Kicillof<\/strong>&nbsp;y el l\u00edder del Frente Renovador,&nbsp;<strong>Sergio Massa<\/strong>, encabezaron anoche una reuni\u00f3n con los intendentes que el peronismo tiene en la Primera secci\u00f3n electoral: 18 de 24. La cena, sucedida en el distrito de San Fernando, donde gobierna el massista,&nbsp;<strong>Juan Andreotti<\/strong>, tuvo como eje rector ajustar el discurso de campa\u00f1a y hacer un balance de gesti\u00f3n en esa regi\u00f3n del conurbano, que en estas elecciones pas\u00f3 a ser el circuito electoral con la mayor cantidad de votantes, destronando a la poderosa Tercera secci\u00f3n electoral.<\/p>\n\n\n\n<p>\u201c<strong>El foco central es que hay que frenar a Milei<\/strong>\u201d. La consigna, pronunciada en la reuni\u00f3n de anoche en San Fernando, sintetiz\u00f3 el esp\u00edritu de urgencia y cohesi\u00f3n que domin\u00f3 el encuentro, seg\u00fan relataron asistentes a la cita. La frase, repetida como un mantra, marc\u00f3 el tono de una estrategia que&nbsp;<strong>busca dejar atr\u00e1s las diferencias internas&nbsp;<\/strong>para priorizar la unidad frente al avance de&nbsp;<strong>Javier Milei<\/strong>.<\/p>\n\n\n\n<p>La semana pasada, Kicillof compuso una foto con la intendenta de Quilmes,&nbsp;<strong>Mayra Mendoza<\/strong>&nbsp;y este lunes con la ex titular de Anses y primera candidata a senadora provincial,&nbsp;<strong>Fernanda Raverta<\/strong>. Ambas dirigentes reportan directamente a&nbsp;<strong>Cristina Kirchner<\/strong>. El plan, entonces, es matizar las cr\u00edticas que fueron algo habitual en el peronismo hasta la conformaci\u00f3n del frente Fuerza Patria.<\/p>\n","protected":false},"excerpt":{"rendered":"<p>El gobernador bonaerense,&nbsp;Axel Kicillof&nbsp;y el l\u00edder del Frente Renovador,&nbsp;Sergio Massa, encabezaron anoche una reuni\u00f3n con los intendentes que el peronismo tiene en la Primera secci\u00f3n electoral: 18 de 24. La cena, sucedida en el distrito de San Fernando, donde gobierna el massista,&nbsp;Juan Andreotti, tuvo como eje rector ajustar el discurso de campa\u00f1a y hacer un [&hellip;]<\/p>\n","protected":false},"author":2,"featured_media":10126,"comment_status":"open","ping_status":"open","sticky":false,"template":"","format":"standard","meta":{"footnotes":""},"categories":[26],"tags":[],"class_list":{"0":"post-10125","1":"post","2":"type-post","3":"status-publish","4":"format-standard","5":"has-post-thumbnail","7":"category-nacionales"},"aioseo_notices":[],"_links":{"self":[{"href":"https:\/\/lalupa24.com.ar\/index.php\/wp-json\/wp\/v2\/posts\/10125","targetHints":{"allow":["GET"]}}],"collection":[{"href":"https:\/\/lalupa24.com.ar\/index.php\/wp-json\/wp\/v2\/posts"}],"about":[{"href":"https:\/\/lalupa24.com.ar\/index.php\/wp-json\/wp\/v2\/types\/post"}],"author":[{"embeddable":true,"href":"https:\/\/lalupa24.com.ar\/index.php\/wp-json\/wp\/v2\/users\/2"}],"replies":[{"embeddable":true,"href":"https:\/\/lalupa24.com.ar\/index.php\/wp-json\/wp\/v2\/comments?post=10125"}],"version-history":[{"count":1,"href":"https:\/\/lalupa24.com.ar\/index.php\/wp-json\/wp\/v2\/posts\/10125\/revisions"}],"predecessor-version":[{"id":10127,"href":"https:\/\/lalupa24.com.ar\/index.php\/wp-json\/wp\/v2\/posts\/10125\/revisions\/10127"}],"wp:featuredmedia":[{"embeddable":true,"href":"https:\/\/lalupa24.com.ar\/index.php\/wp-json\/wp\/v2\/media\/10126"}],"wp:attachment":[{"href":"https:\/\/lalupa24.com.ar\/index.php\/wp-json\/wp\/v2\/media?parent=10125"}],"wp:term":[{"taxonomy":"category","embeddable":true,"href":"https:\/\/lalupa24.com.ar\/index.php\/wp-json\/wp\/v2\/categories?post=10125"},{"taxonomy":"post_tag","embeddable":true,"href":"https:\/\/lalupa24.com.ar\/index.php\/wp-json\/wp\/v2\/tags?post=10125"}],"curies":[{"name":"wp","href":"https:\/\/api.w.org\/{rel}","templated":true}]}}