{"id":1015,"date":"2024-04-24T19:39:42","date_gmt":"2024-04-24T22:39:42","guid":{"rendered":"https:\/\/lalupa24.com.ar\/?p=1015"},"modified":"2024-04-24T19:39:43","modified_gmt":"2024-04-24T22:39:43","slug":"el-gobernador-remitio-a-la-legislatura-un-proyecto-de-ley-para-cerrar-el-iafep","status":"publish","type":"post","link":"https:\/\/lalupa24.com.ar\/index.php\/2024\/04\/24\/el-gobernador-remitio-a-la-legislatura-un-proyecto-de-ley-para-cerrar-el-iafep\/","title":{"rendered":"El gobernador remiti\u00f3 a la legislatura un proyecto de ley para cerrar el IAFEP"},"content":{"rendered":"\n<p>El gobernador del Chaco Leandro Zdero, envi\u00f3 hoy a la Legislatura provincial el proyecto de Ley 1013\/24 el cual propone cerrar el IAFEP en la provincia. Este Instituto hab\u00eda sido creado por Ley N\u00b0 3335-I, en el marco de sus funciones y competencias, para desarrollar diversos programas relativos a la promoci\u00f3n del desarrollo rural sustentable, vinculado a la poblaci\u00f3n rural, los productores familiares y trabajadores rurales, adem\u00e1s de los trabajadores de la econom\u00eda popular. \u201cComo ya se anunci\u00f3 p\u00fablicamente se materializa, a trav\u00e9s de esta presentaci\u00f3n la derogaci\u00f3n de la ley que dispuso la creaci\u00f3n de este Instituto el cual fue cuestionado en todo su manejo: deficiencias administrativas , incumplimiento de obras, todo lo cual deriv\u00f3 en actividad judicial en materia penal y que se encuentran en tr\u00e1mite. \u201d- manifest\u00f3 Livio Guti\u00e9rrez, secretario coordinador de Gabinete.<\/p>\n\n\n\n<p>Se recuerda que dentro de IAFEP, existe un programa de construcci\u00f3n de viviendas sociales y\/o soluciones habitacionales para familias chaque\u00f1as, las que son construidas a trav\u00e9s del trabajo articulado con cooperativas, fundaciones, asociaciones civiles, organizaciones sociales y popular. A trav\u00e9s de diferentes medios y redes sociales han tomado estado p\u00fablico denuncias de beneficiarios a los cuales no se les ha hecho entrega de la vivienda, o en otros supuestos, a los que fueron entregadas las viviendas, las mismas no cumplen con las condiciones de habitabilidad b\u00e1sicas, a pesar de haberse efectuado los pagos por parte del organismo.<\/p>\n\n\n\n<p>\u00bfQU\u00c9 DICE EL PROYECTO ENVIADO POR EL EJECUTIVO?<\/p>\n\n\n\n<p>Art\u00edculo 1\u00b0: Der\u00f3gase la Ley N\u00b03335-I -Ley del Instituto de Agricultura Familiar y Econom\u00eda Popular \u2013 IAFEP.<\/p>\n\n\n\n<p>Art\u00edculo 2\u00b0: La direcci\u00f3n y administraci\u00f3n del Instituto de Agricultura Familiar y Econom\u00eda Popular \u2013IAFEP, dispuesta en la Ley N\u00ba3335-I, su reglamentaci\u00f3n y aquellas asignadas en el Decreto N\u00b0121 del 18 de diciembre de 2023, ser\u00e1n llevadas a cabo por la Intervenci\u00f3n establecida al efecto, hasta el cese de la misma por expiraci\u00f3n de los plazos previstos, su pr\u00f3rroga, o el cumplimiento del objeto.<\/p>\n\n\n\n<p>Art\u00edculo 3\u00b0: Determ\u00ednase al Ministerio de Producci\u00f3n y Desarrollo Econ\u00f3mico Sostenible como autoridad de aplicaci\u00f3n de la ley 1825-I, -R\u00e9gimen de consorcios productivos de servicios rurales.<\/p>\n\n\n\n<p>Art\u00edculo 4\u00b0: Modif\u00edcase el art\u00edculo 17 de la Ley 2148-I -R\u00e9gimen de consorcios de ladrilleros- el que quedar\u00e1 redactado de la siguiente manera:<\/p>\n\n\n\n<p>\u201cArt\u00edculo 17: Ser\u00e1 autoridad de aplicaci\u00f3n de lo establecido en la presente ley, el Ministerio de Producci\u00f3n y Desarrollo Econ\u00f3mico Sostenible.\u201d<\/p>\n\n\n\n<p>Art\u00edculo 5\u00b0: Establ\u00e9cese que el Poder Ejecutivo, por v\u00eda reglamentaria, determinar\u00e1 el\/los organismos que absorber\u00e1n los agentes con la intervenci\u00f3n de las \u00e1reas de Recursos Humanos pertinentes, y de los bienes muebles o muebles registrables inventariados o afectados al mencionado Instituto para su reordenamiento, y con el objetivo de no provocar mayores erogaciones.<\/p>\n\n\n\n<p>Art\u00edculo 6\u00b0: Reg\u00edstrese y comun\u00edquese al Poder Ejecutivo.<\/p>\n","protected":false},"excerpt":{"rendered":"<p>El gobernador del Chaco Leandro Zdero, envi\u00f3 hoy a la Legislatura provincial el proyecto de Ley 1013\/24 el cual propone cerrar el IAFEP en la provincia. Este Instituto hab\u00eda sido creado por Ley N\u00b0 3335-I, en el marco de sus funciones y competencias, para desarrollar diversos programas relativos a la promoci\u00f3n del desarrollo rural sustentable, [&hellip;]<\/p>\n","protected":false},"author":2,"featured_media":1016,"comment_status":"open","ping_status":"open","sticky":false,"template":"","format":"standard","meta":{"footnotes":""},"categories":[28],"tags":[],"class_list":{"0":"post-1015","1":"post","2":"type-post","3":"status-publish","4":"format-standard","5":"has-post-thumbnail","7":"category-locales"},"aioseo_notices":[],"_links":{"self":[{"href":"https:\/\/lalupa24.com.ar\/index.php\/wp-json\/wp\/v2\/posts\/1015","targetHints":{"allow":["GET"]}}],"collection":[{"href":"https:\/\/lalupa24.com.ar\/index.php\/wp-json\/wp\/v2\/posts"}],"about":[{"href":"https:\/\/lalupa24.com.ar\/index.php\/wp-json\/wp\/v2\/types\/post"}],"author":[{"embeddable":true,"href":"https:\/\/lalupa24.com.ar\/index.php\/wp-json\/wp\/v2\/users\/2"}],"replies":[{"embeddable":true,"href":"https:\/\/lalupa24.com.ar\/index.php\/wp-json\/wp\/v2\/comments?post=1015"}],"version-history":[{"count":1,"href":"https:\/\/lalupa24.com.ar\/index.php\/wp-json\/wp\/v2\/posts\/1015\/revisions"}],"predecessor-version":[{"id":1017,"href":"https:\/\/lalupa24.com.ar\/index.php\/wp-json\/wp\/v2\/posts\/1015\/revisions\/1017"}],"wp:featuredmedia":[{"embeddable":true,"href":"https:\/\/lalupa24.com.ar\/index.php\/wp-json\/wp\/v2\/media\/1016"}],"wp:attachment":[{"href":"https:\/\/lalupa24.com.ar\/index.php\/wp-json\/wp\/v2\/media?parent=1015"}],"wp:term":[{"taxonomy":"category","embeddable":true,"href":"https:\/\/lalupa24.com.ar\/index.php\/wp-json\/wp\/v2\/categories?post=1015"},{"taxonomy":"post_tag","embeddable":true,"href":"https:\/\/lalupa24.com.ar\/index.php\/wp-json\/wp\/v2\/tags?post=1015"}],"curies":[{"name":"wp","href":"https:\/\/api.w.org\/{rel}","templated":true}]}}