{"id":10165,"date":"2025-08-02T14:22:38","date_gmt":"2025-08-02T17:22:38","guid":{"rendered":"https:\/\/lalupa24.com.ar\/?p=10165"},"modified":"2025-08-02T14:22:40","modified_gmt":"2025-08-02T17:22:40","slug":"el-jefe-del-ejercito-de-israel-dijo-que-hay-posibilidades-de-un-acuerdo-parcial-para-liberar-a-los-rehenes-secuestrados-por-hamas","status":"publish","type":"post","link":"https:\/\/lalupa24.com.ar\/index.php\/2025\/08\/02\/el-jefe-del-ejercito-de-israel-dijo-que-hay-posibilidades-de-un-acuerdo-parcial-para-liberar-a-los-rehenes-secuestrados-por-hamas\/","title":{"rendered":"El jefe del Ej\u00e9rcito de Israel dijo que hay posibilidades de un \u201cacuerdo parcial\u201d para liberar a los rehenes secuestrados por Hamas"},"content":{"rendered":"\n<p>Durante una visita a la&nbsp;<strong>Franja de Gaza<\/strong>, el jefe del&nbsp;<strong>Estado Mayor de Israel<\/strong>, teniente general<strong>&nbsp;Eyal Zamir<\/strong>, afirm\u00f3 este viernes que&nbsp;<strong>\u201cen los pr\u00f3ximos d\u00edas sabremos si lograremos un acuerdo parcial para la liberaci\u00f3n de nuestros secuestrados. Si no, el combate continuar\u00e1 sin pausa\u201d<\/strong>, seg\u00fan un comunicado difundido por el Ej\u00e9rcito.<\/p>\n\n\n\n<p>No es la primera vez que Zamir se expresa en estos t\u00e9rminos: ya el pasado&nbsp;<strong>16 de julio hizo una declaraci\u00f3n id\u00e9ntica<\/strong>&nbsp;durante otra visita al enclave,&nbsp;<strong>sin que desde entonces haya habido avances en las negociaciones<\/strong>&nbsp;para un alto el fuego.<\/p>\n\n\n\n<p>Sus palabras llegan en momentos en que el&nbsp;<strong>enviado de la Casa Blanca para Oriente Medio<\/strong>,&nbsp;<strong>Steve Witkoff<\/strong>, se encuentra en&nbsp;<strong>Israel&nbsp;<\/strong>para discutir el&nbsp;<strong>estancamiento de las conversaciones por Gaza<\/strong>. En ese marco, tambi\u00e9n visit\u00f3 este viernes un punto de distribuci\u00f3n de la&nbsp;<strong>Fundaci\u00f3n Humanitaria para Gaza&nbsp;<\/strong>(GHF, por sus siglas en ingl\u00e9s), con el objetivo de que&nbsp;<strong>Estados Unidos<\/strong>&nbsp;mejore el acceso de alimentos al enclave.<\/p>\n","protected":false},"excerpt":{"rendered":"<p>Durante una visita a la&nbsp;Franja de Gaza, el jefe del&nbsp;Estado Mayor de Israel, teniente general&nbsp;Eyal Zamir, afirm\u00f3 este viernes que&nbsp;\u201cen los pr\u00f3ximos d\u00edas sabremos si lograremos un acuerdo parcial para la liberaci\u00f3n de nuestros secuestrados. Si no, el combate continuar\u00e1 sin pausa\u201d, seg\u00fan un comunicado difundido por el Ej\u00e9rcito. No es la primera vez que [&hellip;]<\/p>\n","protected":false},"author":2,"featured_media":10166,"comment_status":"open","ping_status":"open","sticky":false,"template":"","format":"standard","meta":{"footnotes":""},"categories":[25],"tags":[],"class_list":{"0":"post-10165","1":"post","2":"type-post","3":"status-publish","4":"format-standard","5":"has-post-thumbnail","7":"category-internacionales"},"aioseo_notices":[],"_links":{"self":[{"href":"https:\/\/lalupa24.com.ar\/index.php\/wp-json\/wp\/v2\/posts\/10165","targetHints":{"allow":["GET"]}}],"collection":[{"href":"https:\/\/lalupa24.com.ar\/index.php\/wp-json\/wp\/v2\/posts"}],"about":[{"href":"https:\/\/lalupa24.com.ar\/index.php\/wp-json\/wp\/v2\/types\/post"}],"author":[{"embeddable":true,"href":"https:\/\/lalupa24.com.ar\/index.php\/wp-json\/wp\/v2\/users\/2"}],"replies":[{"embeddable":true,"href":"https:\/\/lalupa24.com.ar\/index.php\/wp-json\/wp\/v2\/comments?post=10165"}],"version-history":[{"count":1,"href":"https:\/\/lalupa24.com.ar\/index.php\/wp-json\/wp\/v2\/posts\/10165\/revisions"}],"predecessor-version":[{"id":10167,"href":"https:\/\/lalupa24.com.ar\/index.php\/wp-json\/wp\/v2\/posts\/10165\/revisions\/10167"}],"wp:featuredmedia":[{"embeddable":true,"href":"https:\/\/lalupa24.com.ar\/index.php\/wp-json\/wp\/v2\/media\/10166"}],"wp:attachment":[{"href":"https:\/\/lalupa24.com.ar\/index.php\/wp-json\/wp\/v2\/media?parent=10165"}],"wp:term":[{"taxonomy":"category","embeddable":true,"href":"https:\/\/lalupa24.com.ar\/index.php\/wp-json\/wp\/v2\/categories?post=10165"},{"taxonomy":"post_tag","embeddable":true,"href":"https:\/\/lalupa24.com.ar\/index.php\/wp-json\/wp\/v2\/tags?post=10165"}],"curies":[{"name":"wp","href":"https:\/\/api.w.org\/{rel}","templated":true}]}}