{"id":10183,"date":"2025-08-02T14:27:05","date_gmt":"2025-08-02T17:27:05","guid":{"rendered":"https:\/\/lalupa24.com.ar\/?p=10183"},"modified":"2025-08-02T14:27:06","modified_gmt":"2025-08-02T17:27:06","slug":"lla-le-resta-importancia-a-jorge-macri-y-sostiene-las-condiciones-de-karina-milei-para-un-acuerdo-en-caba","status":"publish","type":"post","link":"https:\/\/lalupa24.com.ar\/index.php\/2025\/08\/02\/lla-le-resta-importancia-a-jorge-macri-y-sostiene-las-condiciones-de-karina-milei-para-un-acuerdo-en-caba\/","title":{"rendered":"LLA le resta importancia a Jorge Macri y sostiene las condiciones de Karina Milei para un acuerdo en CABA"},"content":{"rendered":"\n<p>En el Gobierno ningunearon la \u00faltima jugada pol\u00edtica de&nbsp;<strong>Jorge Macri<\/strong>, que se ubic\u00f3 como apoderado del PRO en la Ciudad para asegurarse un rol en las negociaciones por las listas de candidatos en un eventual acuerdo con La Libertad Avanza en la Ciudad de Buenos Aires. Karina Milei&nbsp;<strong>sostendr\u00e1 sus condiciones de cara a un eventual pacto,&nbsp;<\/strong>donde aspira a replicar la f\u00f3rmula de preeminencia de La Libertad Avanza que ya se aplic\u00f3 en la Provincia de Buenos Aires, donde el interlocutor fue&nbsp;<strong>Cristian Ritondo con el aval de Mauricio Macri.<\/strong><\/p>\n\n\n\n<p>No hubo demasiada alarma entre los libertarios por la movida del alcalde porte\u00f1o. Seg\u00fan aseguraron en la Casa Rosada, apenas se conoci\u00f3 la decisi\u00f3n, luego de la Asamblea del Consejo de PRO, el jueves por la noche,&nbsp;<strong>recibieron aclaraciones de parte del sector que responde a Mauricio Macri en la Ciudad,&nbsp;<\/strong>con el cual Karina Milei s\u00ed est\u00e1 dispuesta a negociar.<strong>&nbsp;\u201cS\u00ed, fue un gesto pol\u00edtico (de Jorge Macri), pero en la pr\u00e1ctica no significa nada, no va a firmar\u201d,&nbsp;<\/strong>se fiaron y minimizaron en un despacho nacional.<\/p>\n\n\n\n<p>Tambi\u00e9n aclararon que cada una de las&nbsp;<strong>condiciones&nbsp;<\/strong>de Karina Milei, que hasta hace diez d\u00edas rechazaba de plano un posible acuerdo y cambi\u00f3 de opini\u00f3n,&nbsp;<strong>se sostienen.<\/strong><\/p>\n\n\n\n<p>La secretaria general de la Presidencia no tiene dudas de que a LLA le corresponden los tres candidatos a Senadores -para asegurarse el suplente, tambi\u00e9n, ante la posibilidad de que&nbsp;<strong>Patricia Bullrich&nbsp;<\/strong>quisiera regresar al Gabinete-. Y, como m\u00ednimo, la cabeza de la lista de Diputados. Tambi\u00e9n aspira a que la eventual alianza lleve el color violeta, el logo del \u00e1guila, y que replique el sello de LLA, a secas. Y consideran&nbsp;<strong>inamovible el veto, en las conversaciones sobre lugares, porcentajes, etc, a Jorge Macri, y a Silvia Lospennato,&nbsp;<\/strong>la contrincante de Manuel Adorni en los \u00faltimos comicios.<\/p>\n\n\n\n<p>Desde el Gobierno argumentan que&nbsp;<strong>LLA tiene ventaja&nbsp;<\/strong>desde que se impuso en los comicios nacionales que llevaron a Milei al poder, y en los porte\u00f1os donde el vocero presidencial qued\u00f3 primero y el PRO no s\u00f3lo qued\u00f3 desplazado en su propio distrito sino que termin\u00f3 ubicado en tercer lugar. \u201cEllos tienen mucho m\u00e1s para ganar yendo con nosotros, que viceversa\u201d, dijo un armador. Y asegur\u00f3 que estas cl\u00e1usulas \u201csiempre estuvieron claras\u201d.<\/p>\n","protected":false},"excerpt":{"rendered":"<p>En el Gobierno ningunearon la \u00faltima jugada pol\u00edtica de&nbsp;Jorge Macri, que se ubic\u00f3 como apoderado del PRO en la Ciudad para asegurarse un rol en las negociaciones por las listas de candidatos en un eventual acuerdo con La Libertad Avanza en la Ciudad de Buenos Aires. Karina Milei&nbsp;sostendr\u00e1 sus condiciones de cara a un eventual [&hellip;]<\/p>\n","protected":false},"author":2,"featured_media":10184,"comment_status":"open","ping_status":"open","sticky":false,"template":"","format":"standard","meta":{"footnotes":""},"categories":[26],"tags":[],"class_list":{"0":"post-10183","1":"post","2":"type-post","3":"status-publish","4":"format-standard","5":"has-post-thumbnail","7":"category-nacionales"},"aioseo_notices":[],"_links":{"self":[{"href":"https:\/\/lalupa24.com.ar\/index.php\/wp-json\/wp\/v2\/posts\/10183","targetHints":{"allow":["GET"]}}],"collection":[{"href":"https:\/\/lalupa24.com.ar\/index.php\/wp-json\/wp\/v2\/posts"}],"about":[{"href":"https:\/\/lalupa24.com.ar\/index.php\/wp-json\/wp\/v2\/types\/post"}],"author":[{"embeddable":true,"href":"https:\/\/lalupa24.com.ar\/index.php\/wp-json\/wp\/v2\/users\/2"}],"replies":[{"embeddable":true,"href":"https:\/\/lalupa24.com.ar\/index.php\/wp-json\/wp\/v2\/comments?post=10183"}],"version-history":[{"count":1,"href":"https:\/\/lalupa24.com.ar\/index.php\/wp-json\/wp\/v2\/posts\/10183\/revisions"}],"predecessor-version":[{"id":10185,"href":"https:\/\/lalupa24.com.ar\/index.php\/wp-json\/wp\/v2\/posts\/10183\/revisions\/10185"}],"wp:featuredmedia":[{"embeddable":true,"href":"https:\/\/lalupa24.com.ar\/index.php\/wp-json\/wp\/v2\/media\/10184"}],"wp:attachment":[{"href":"https:\/\/lalupa24.com.ar\/index.php\/wp-json\/wp\/v2\/media?parent=10183"}],"wp:term":[{"taxonomy":"category","embeddable":true,"href":"https:\/\/lalupa24.com.ar\/index.php\/wp-json\/wp\/v2\/categories?post=10183"},{"taxonomy":"post_tag","embeddable":true,"href":"https:\/\/lalupa24.com.ar\/index.php\/wp-json\/wp\/v2\/tags?post=10183"}],"curies":[{"name":"wp","href":"https:\/\/api.w.org\/{rel}","templated":true}]}}