{"id":10186,"date":"2025-08-02T14:27:33","date_gmt":"2025-08-02T17:27:33","guid":{"rendered":"https:\/\/lalupa24.com.ar\/?p=10186"},"modified":"2025-08-02T14:27:35","modified_gmt":"2025-08-02T17:27:35","slug":"entre-el-lanzamiento-de-los-gobernadores-y-el-cierre-de-alianzas-somos-buenos-aires-inicia-una-semana-clave","status":"publish","type":"post","link":"https:\/\/lalupa24.com.ar\/index.php\/2025\/08\/02\/entre-el-lanzamiento-de-los-gobernadores-y-el-cierre-de-alianzas-somos-buenos-aires-inicia-una-semana-clave\/","title":{"rendered":"Entre el lanzamiento de los gobernadores y el cierre de alianzas, Somos Buenos Aires inicia una semana clave"},"content":{"rendered":"\n<p>La provincia de Buenos Aires entra en su semana m\u00e1s compleja en t\u00e9rminos electorales. Con la campa\u00f1a para la renovaci\u00f3n de bancas del 7 de septiembre reci\u00e9n iniciada, los frentes deber\u00e1n definir sus alianzas para las elecciones del 26 de octubre. Mientras tanto, ya comienzan a sonar los primeros candidatos. En\u00a0<strong>Somos Buenos Aires<\/strong>\u00a0surgi\u00f3 una luz de esperanza con el lanzamiento de\u00a0<strong>Grito Federal<\/strong>, un frente integrado por cinco gobernadores que buscan poner en el centro de la escena la agenda productiva del interior. Este espacio representa una oportunidad para instalar la necesidad de distanciarse de los extremos que hoy representan tanto el\u00a0<strong>kirchnerismo<\/strong>\u00a0como\u00a0<strong>La Libertad Avanza<\/strong>, y as\u00ed intentar navegar lo mejor posible el complejo contexto de polarizaci\u00f3n. Algunos mandatarios provinciales, sin embargo, intentan alejarse de la estrategia del\u00a0<strong>AMBA<\/strong>, mientras que el\u00a0<strong>peronismo cordob\u00e9s<\/strong>\u00a0busca fortalecer su presencia a trav\u00e9s de sus aliados locales.<\/p>\n","protected":false},"excerpt":{"rendered":"<p>La provincia de Buenos Aires entra en su semana m\u00e1s compleja en t\u00e9rminos electorales. Con la campa\u00f1a para la renovaci\u00f3n de bancas del 7 de septiembre reci\u00e9n iniciada, los frentes deber\u00e1n definir sus alianzas para las elecciones del 26 de octubre. Mientras tanto, ya comienzan a sonar los primeros candidatos. En\u00a0Somos Buenos Aires\u00a0surgi\u00f3 una luz [&hellip;]<\/p>\n","protected":false},"author":2,"featured_media":10187,"comment_status":"open","ping_status":"open","sticky":false,"template":"","format":"standard","meta":{"footnotes":""},"categories":[26],"tags":[],"class_list":{"0":"post-10186","1":"post","2":"type-post","3":"status-publish","4":"format-standard","5":"has-post-thumbnail","7":"category-nacionales"},"aioseo_notices":[],"_links":{"self":[{"href":"https:\/\/lalupa24.com.ar\/index.php\/wp-json\/wp\/v2\/posts\/10186","targetHints":{"allow":["GET"]}}],"collection":[{"href":"https:\/\/lalupa24.com.ar\/index.php\/wp-json\/wp\/v2\/posts"}],"about":[{"href":"https:\/\/lalupa24.com.ar\/index.php\/wp-json\/wp\/v2\/types\/post"}],"author":[{"embeddable":true,"href":"https:\/\/lalupa24.com.ar\/index.php\/wp-json\/wp\/v2\/users\/2"}],"replies":[{"embeddable":true,"href":"https:\/\/lalupa24.com.ar\/index.php\/wp-json\/wp\/v2\/comments?post=10186"}],"version-history":[{"count":1,"href":"https:\/\/lalupa24.com.ar\/index.php\/wp-json\/wp\/v2\/posts\/10186\/revisions"}],"predecessor-version":[{"id":10188,"href":"https:\/\/lalupa24.com.ar\/index.php\/wp-json\/wp\/v2\/posts\/10186\/revisions\/10188"}],"wp:featuredmedia":[{"embeddable":true,"href":"https:\/\/lalupa24.com.ar\/index.php\/wp-json\/wp\/v2\/media\/10187"}],"wp:attachment":[{"href":"https:\/\/lalupa24.com.ar\/index.php\/wp-json\/wp\/v2\/media?parent=10186"}],"wp:term":[{"taxonomy":"category","embeddable":true,"href":"https:\/\/lalupa24.com.ar\/index.php\/wp-json\/wp\/v2\/categories?post=10186"},{"taxonomy":"post_tag","embeddable":true,"href":"https:\/\/lalupa24.com.ar\/index.php\/wp-json\/wp\/v2\/tags?post=10186"}],"curies":[{"name":"wp","href":"https:\/\/api.w.org\/{rel}","templated":true}]}}