{"id":10195,"date":"2025-08-02T14:30:19","date_gmt":"2025-08-02T17:30:19","guid":{"rendered":"https:\/\/lalupa24.com.ar\/?p=10195"},"modified":"2025-08-02T14:30:21","modified_gmt":"2025-08-02T17:30:21","slug":"la-coalicion-civica-eligio-a-hernan-reyes-como-candidato-a-diputado-nacional-por-caba-para-las-elecciones-de-octubre","status":"publish","type":"post","link":"https:\/\/lalupa24.com.ar\/index.php\/2025\/08\/02\/la-coalicion-civica-eligio-a-hernan-reyes-como-candidato-a-diputado-nacional-por-caba-para-las-elecciones-de-octubre\/","title":{"rendered":"La Coalici\u00f3n C\u00edvica eligi\u00f3 a Hern\u00e1n Reyes como candidato a diputado nacional por CABA para las elecciones de octubre"},"content":{"rendered":"\n<p>La\u00a0<strong>Coalici\u00f3n C\u00edvica<\/strong>\u00a0de la ciudad de Buenos Aires realiz\u00f3 este viernes su congreso partidario, donde confirm\u00f3 a\u00a0<strong>Hern\u00e1n Reyes<\/strong>\u00a0como su candidato a diputado nacional para el pr\u00f3ximo 26 de octubre, seg\u00fan inform\u00f3 el espacio. Durante el encuentro, los dirigentes ratificaron la voluntad de construir una alternativa electoral competitiva que defienda los valores republicanos conforme a los ejes fundacionales promovidos por\u00a0<strong>Elisa Carri\u00f3<\/strong>.<\/p>\n","protected":false},"excerpt":{"rendered":"<p>La\u00a0Coalici\u00f3n C\u00edvica\u00a0de la ciudad de Buenos Aires realiz\u00f3 este viernes su congreso partidario, donde confirm\u00f3 a\u00a0Hern\u00e1n Reyes\u00a0como su candidato a diputado nacional para el pr\u00f3ximo 26 de octubre, seg\u00fan inform\u00f3 el espacio. Durante el encuentro, los dirigentes ratificaron la voluntad de construir una alternativa electoral competitiva que defienda los valores republicanos conforme a los ejes [&hellip;]<\/p>\n","protected":false},"author":2,"featured_media":10196,"comment_status":"open","ping_status":"open","sticky":false,"template":"","format":"standard","meta":{"footnotes":""},"categories":[26],"tags":[],"class_list":{"0":"post-10195","1":"post","2":"type-post","3":"status-publish","4":"format-standard","5":"has-post-thumbnail","7":"category-nacionales"},"aioseo_notices":[],"_links":{"self":[{"href":"https:\/\/lalupa24.com.ar\/index.php\/wp-json\/wp\/v2\/posts\/10195","targetHints":{"allow":["GET"]}}],"collection":[{"href":"https:\/\/lalupa24.com.ar\/index.php\/wp-json\/wp\/v2\/posts"}],"about":[{"href":"https:\/\/lalupa24.com.ar\/index.php\/wp-json\/wp\/v2\/types\/post"}],"author":[{"embeddable":true,"href":"https:\/\/lalupa24.com.ar\/index.php\/wp-json\/wp\/v2\/users\/2"}],"replies":[{"embeddable":true,"href":"https:\/\/lalupa24.com.ar\/index.php\/wp-json\/wp\/v2\/comments?post=10195"}],"version-history":[{"count":1,"href":"https:\/\/lalupa24.com.ar\/index.php\/wp-json\/wp\/v2\/posts\/10195\/revisions"}],"predecessor-version":[{"id":10197,"href":"https:\/\/lalupa24.com.ar\/index.php\/wp-json\/wp\/v2\/posts\/10195\/revisions\/10197"}],"wp:featuredmedia":[{"embeddable":true,"href":"https:\/\/lalupa24.com.ar\/index.php\/wp-json\/wp\/v2\/media\/10196"}],"wp:attachment":[{"href":"https:\/\/lalupa24.com.ar\/index.php\/wp-json\/wp\/v2\/media?parent=10195"}],"wp:term":[{"taxonomy":"category","embeddable":true,"href":"https:\/\/lalupa24.com.ar\/index.php\/wp-json\/wp\/v2\/categories?post=10195"},{"taxonomy":"post_tag","embeddable":true,"href":"https:\/\/lalupa24.com.ar\/index.php\/wp-json\/wp\/v2\/tags?post=10195"}],"curies":[{"name":"wp","href":"https:\/\/api.w.org\/{rel}","templated":true}]}}