{"id":1020,"date":"2024-04-24T20:03:00","date_gmt":"2024-04-24T23:03:00","guid":{"rendered":"https:\/\/lalupa24.com.ar\/?p=1020"},"modified":"2024-04-24T20:03:01","modified_gmt":"2024-04-24T23:03:01","slug":"la-legislatura-reconocio-al-escultor-chaqueno-humberto-gomez-lollo-me-siento-un-profeta-en-mi-tierra","status":"publish","type":"post","link":"https:\/\/lalupa24.com.ar\/index.php\/2024\/04\/24\/la-legislatura-reconocio-al-escultor-chaqueno-humberto-gomez-lollo-me-siento-un-profeta-en-mi-tierra\/","title":{"rendered":"La Legislatura reconoci\u00f3 al escultor chaque\u00f1o Humberto G\u00f3mez Lollo: \u201cMe siento un profeta en mi tierra\u201d"},"content":{"rendered":"\n<p>Por iniciativa del diputado Francisco Romero Castel\u00e1n, la Legislatura chaque\u00f1a reconoci\u00f3 al escultor Humberto G\u00f3mez Lollo. Con 50 a\u00f1os de trayectoria art\u00edstica, el chaque\u00f1o es reconocido a nivel internacional y recientemente una de sus obras fue elegida para ser parte del patrimonio del Museo Nacional de Bellas Artes.<\/p>\n\n\n\n<p>El acto homenaje se realiz\u00f3 en el Recinto de Sesiones Deolindo Felipe Bittel, con la presencia de los legisladores Romero Castel\u00e1n, su par Zulma Galeano; la vicepresidente del Instituto de Cultura provincial, Daniela Vald\u00e9z; la concejal de Resistencia, Miriam Jara; entre otras autoridades, familiares y amigos.<\/p>\n\n\n\n<p>Tras recibir una placa recordatoria y la resoluci\u00f3n homenaje, G\u00f3mez Llollo realiz\u00f3 una emotiva recorrida por su ardua trayectoria, rememorando su infancia y formaci\u00f3n art\u00edstica junto a su hermano Fabriciano. Y remarc\u00f3 la impronta de los hermanos G\u00f3mez de llevar por el pa\u00eds y el mundo el legado de los chaque\u00f1os.<\/p>\n\n\n\n<p>Habl\u00f3 de la importancia de acompa\u00f1ar e impulsar a las nuevas generaciones para la permanencia y traspaso del arte, y subray\u00f3 la riqueza con la que cuenta la Ciudad de las Esculturas con el museo a cielo abierto.<\/p>\n\n\n\n<p>Agradeci\u00f3 el homenaje, y emocionado afirm\u00f3 sentirse \u201cun profeta en su tierra\u201d.<\/p>\n\n\n\n<p>Por su parte, Francisco Romero Castel\u00e1n, marc\u00f3 la importancia de reconocer y difundir la actividad cultural: \u201cComo diputado me siento orgulloso, y siento que estoy ocupando un lugar donde tengo el deber de promover cultura y devolverle a la sociedad lo que tanto nos dio\u201d.<\/p>\n\n\n\n<p>\u201cHumberto G\u00f3mez Lollo es un artista chaque\u00f1o muy importante, es a\u00f1o de Bienal de Esculturas, y la sociedad entera debe conocer la labor inmensa que tiene para la cultura local\u201d, dijo el legislador.<\/p>\n\n\n\n<p>Insisti\u00f3 en la valiosa trayectoria del artista homenajeado y record\u00f3 que la obra \u201cEternidad\u201d, que fue realizada por el artista en 2010,&nbsp; en m\u00e1rmol,&nbsp; hoy se encuentra exhibida junto a ejemplares de artistas internacionales en el Museo Nacional de Bellas Artes.<\/p>\n\n\n\n<p>La provincia tiene cuatro Premios de Honor del Museo Nacional, pero es la primera vez que esta instituci\u00f3n adquiere el premio de un chaque\u00f1o para que sea parte de su muestra permanente.<\/p>\n\n\n\n<p>Por su parte, Zulma Galeano sum\u00f3: \u201cEs un honor ser parte de este acto, cuando surge esta iniciativa para reconocer a Humberto, todos los diputados hemos mostrado nuestro acompa\u00f1amiento y satisfacci\u00f3n porque es reconocer nuestra identidad como provincia\u201d.<\/p>\n\n\n\n<p>\u201cQuiero destacar la educaci\u00f3n cultural en la labor de Humberto, impulsando el trabajo de los escultores y ense\u00f1ando. La tarea del artista necesita ser reconocida y debemos como diputados promover y resaltar las expresiones culturales de nuestra provincia. Somos dentro del pa\u00eds, Latino Am\u00e9rica y el mundo, una ciudad donde la cultura est\u00e1 internalizada en cada uno de nosotros y representada en nuestro Museo a Cielo Abierto gracias a estos artistas tan comprometidos\u201d, asegur\u00f3 la diputada.<\/p>\n","protected":false},"excerpt":{"rendered":"<p>Por iniciativa del diputado Francisco Romero Castel\u00e1n, la Legislatura chaque\u00f1a reconoci\u00f3 al escultor Humberto G\u00f3mez Lollo. Con 50 a\u00f1os de trayectoria art\u00edstica, el chaque\u00f1o es reconocido a nivel internacional y recientemente una de sus obras fue elegida para ser parte del patrimonio del Museo Nacional de Bellas Artes. El acto homenaje se realiz\u00f3 en el [&hellip;]<\/p>\n","protected":false},"author":2,"featured_media":1021,"comment_status":"open","ping_status":"open","sticky":false,"template":"","format":"standard","meta":{"footnotes":""},"categories":[28],"tags":[],"class_list":{"0":"post-1020","1":"post","2":"type-post","3":"status-publish","4":"format-standard","5":"has-post-thumbnail","7":"category-locales"},"aioseo_notices":[],"_links":{"self":[{"href":"https:\/\/lalupa24.com.ar\/index.php\/wp-json\/wp\/v2\/posts\/1020","targetHints":{"allow":["GET"]}}],"collection":[{"href":"https:\/\/lalupa24.com.ar\/index.php\/wp-json\/wp\/v2\/posts"}],"about":[{"href":"https:\/\/lalupa24.com.ar\/index.php\/wp-json\/wp\/v2\/types\/post"}],"author":[{"embeddable":true,"href":"https:\/\/lalupa24.com.ar\/index.php\/wp-json\/wp\/v2\/users\/2"}],"replies":[{"embeddable":true,"href":"https:\/\/lalupa24.com.ar\/index.php\/wp-json\/wp\/v2\/comments?post=1020"}],"version-history":[{"count":1,"href":"https:\/\/lalupa24.com.ar\/index.php\/wp-json\/wp\/v2\/posts\/1020\/revisions"}],"predecessor-version":[{"id":1022,"href":"https:\/\/lalupa24.com.ar\/index.php\/wp-json\/wp\/v2\/posts\/1020\/revisions\/1022"}],"wp:featuredmedia":[{"embeddable":true,"href":"https:\/\/lalupa24.com.ar\/index.php\/wp-json\/wp\/v2\/media\/1021"}],"wp:attachment":[{"href":"https:\/\/lalupa24.com.ar\/index.php\/wp-json\/wp\/v2\/media?parent=1020"}],"wp:term":[{"taxonomy":"category","embeddable":true,"href":"https:\/\/lalupa24.com.ar\/index.php\/wp-json\/wp\/v2\/categories?post=1020"},{"taxonomy":"post_tag","embeddable":true,"href":"https:\/\/lalupa24.com.ar\/index.php\/wp-json\/wp\/v2\/tags?post=1020"}],"curies":[{"name":"wp","href":"https:\/\/api.w.org\/{rel}","templated":true}]}}