{"id":10216,"date":"2025-08-02T14:36:52","date_gmt":"2025-08-02T17:36:52","guid":{"rendered":"https:\/\/lalupa24.com.ar\/?p=10216"},"modified":"2025-08-02T14:36:53","modified_gmt":"2025-08-02T17:36:53","slug":"fue-capturado-el-presunto-homicida-de-fontana","status":"publish","type":"post","link":"https:\/\/lalupa24.com.ar\/index.php\/2025\/08\/02\/fue-capturado-el-presunto-homicida-de-fontana\/","title":{"rendered":"FUE CAPTURADO EL PRESUNTO HOMICIDA DE FONTANA"},"content":{"rendered":"\n<p>En la madrugada de este mi\u00e9rcoles, personal de la Comisar\u00eda Segunda de Fontana fue comisionada al barrio 444 Viviendas, all\u00ed constataron el deceso de un hombre de 61 a\u00f1os que habr\u00eda sido atacado y lesionado en su cabeza. Se dio intervenci\u00f3n a la fiscal\u00eda N\u00b0 10 a cargo de Dra. Lilian Irala que dispuso que se instruyan actuaciones por supuesto homicidio.<\/p>\n\n\n\n<p>La Polic\u00eda del Chaco bajo los lineamientos del Ministerio de Seguridad a cargo del Dr. Hugo Matkovich, despleg\u00f3 la investigaci\u00f3n en la que intervino el Departamento de Investigaciones Complejas y los servicios externos de las comisar\u00edas.<\/p>\n\n\n\n<p>Mediante la informaci\u00f3n obtenida en patrullajes y entrevistas con distintas fuentes, el servicio externo de de la Supervisi\u00f3n de Zona III Metropolitana, que involucra a las comisar\u00edas S\u00e9ptima y Quinta, obtuvo datos precisos que el implicado merodeaba por el barrio Villa Horqueta. Se dirigieron al lugar.<\/p>\n\n\n\n<p>Luego de recorridas, en la intersecci\u00f3n de las calles Roger Ballet y Obligado demoraron presunto autor del hecho, lo reconocieron por su vestimenta. R\u00e1pidamente fue trasladado a la Divisi\u00f3n Medicina Legal y luego a la dependencia policial. Se secuestraron elementos de inter\u00e9s en la causa.<\/p>\n\n\n\n<p>Finalmente fue puesto a disposici\u00f3n de la justicia, en la que la fiscal\u00eda N\u00b0 10, orden\u00f3 la aprehensi\u00f3n del hombre de 29 a\u00f1os en la causa \u201cSupuesto Homicidio\u201d.<\/p>\n","protected":false},"excerpt":{"rendered":"<p>En la madrugada de este mi\u00e9rcoles, personal de la Comisar\u00eda Segunda de Fontana fue comisionada al barrio 444 Viviendas, all\u00ed constataron el deceso de un hombre de 61 a\u00f1os que habr\u00eda sido atacado y lesionado en su cabeza. Se dio intervenci\u00f3n a la fiscal\u00eda N\u00b0 10 a cargo de Dra. Lilian Irala que dispuso que [&hellip;]<\/p>\n","protected":false},"author":2,"featured_media":10217,"comment_status":"open","ping_status":"open","sticky":false,"template":"","format":"standard","meta":{"footnotes":""},"categories":[155],"tags":[],"class_list":{"0":"post-10216","1":"post","2":"type-post","3":"status-publish","4":"format-standard","5":"has-post-thumbnail","7":"category-policiales"},"aioseo_notices":[],"_links":{"self":[{"href":"https:\/\/lalupa24.com.ar\/index.php\/wp-json\/wp\/v2\/posts\/10216","targetHints":{"allow":["GET"]}}],"collection":[{"href":"https:\/\/lalupa24.com.ar\/index.php\/wp-json\/wp\/v2\/posts"}],"about":[{"href":"https:\/\/lalupa24.com.ar\/index.php\/wp-json\/wp\/v2\/types\/post"}],"author":[{"embeddable":true,"href":"https:\/\/lalupa24.com.ar\/index.php\/wp-json\/wp\/v2\/users\/2"}],"replies":[{"embeddable":true,"href":"https:\/\/lalupa24.com.ar\/index.php\/wp-json\/wp\/v2\/comments?post=10216"}],"version-history":[{"count":1,"href":"https:\/\/lalupa24.com.ar\/index.php\/wp-json\/wp\/v2\/posts\/10216\/revisions"}],"predecessor-version":[{"id":10218,"href":"https:\/\/lalupa24.com.ar\/index.php\/wp-json\/wp\/v2\/posts\/10216\/revisions\/10218"}],"wp:featuredmedia":[{"embeddable":true,"href":"https:\/\/lalupa24.com.ar\/index.php\/wp-json\/wp\/v2\/media\/10217"}],"wp:attachment":[{"href":"https:\/\/lalupa24.com.ar\/index.php\/wp-json\/wp\/v2\/media?parent=10216"}],"wp:term":[{"taxonomy":"category","embeddable":true,"href":"https:\/\/lalupa24.com.ar\/index.php\/wp-json\/wp\/v2\/categories?post=10216"},{"taxonomy":"post_tag","embeddable":true,"href":"https:\/\/lalupa24.com.ar\/index.php\/wp-json\/wp\/v2\/tags?post=10216"}],"curies":[{"name":"wp","href":"https:\/\/api.w.org\/{rel}","templated":true}]}}