{"id":10233,"date":"2025-08-03T19:06:45","date_gmt":"2025-08-03T22:06:45","guid":{"rendered":"https:\/\/lalupa24.com.ar\/?p=10233"},"modified":"2025-08-03T19:06:46","modified_gmt":"2025-08-03T22:06:46","slug":"segun-una-encuesta-la-imagen-positiva-de-javier-milei-bajo-un-4-en-el-ultimo-mes","status":"publish","type":"post","link":"https:\/\/lalupa24.com.ar\/index.php\/2025\/08\/03\/segun-una-encuesta-la-imagen-positiva-de-javier-milei-bajo-un-4-en-el-ultimo-mes\/","title":{"rendered":"Seg\u00fan una encuesta, la imagen positiva de Javier Milei baj\u00f3 un 4% en el \u00faltimo mes"},"content":{"rendered":"\n<p>Lo datos fueron realizados y publicados por la consultora Giacobbe. La ca\u00edda de la imagen del Presidente de la Naci\u00f3n vari\u00f3 de junio a julio.<\/p>\n\n\n\n<p>La imagen positiva del presidente Javier Milei baj\u00f3 un 4%, en el \u00faltimo mes, seg\u00fan una encuesta publicada por la consultora Giacobbe que lleva adelante el analista pol\u00edtico y consultor en opini\u00f3n p\u00fablica Jorge Giacobbe.<\/p>\n\n\n\n<p>Sobre 2.500 casos consultados, con un margen de error del 2%, los datos obtenidos desde el 24 al 28 de julio arrojaron un resultado del 44% de imagen positiva en el mes de julio, mientras que en junio hab\u00eda sido del 48%: \u201cLa estabilidad de la variable es clara. Se mueve entre 44-50%. Subi\u00f3 la negativa\u201d, a\u00f1adi\u00f3 Giacobbe.<\/p>\n\n\n\n<p>\u201cLa (imagen) positiva y negativa andan ah\u00ed, enroscadas y juntitas. Es el s\u00edntoma de la pol\u00e9mica que despierta el personaje. Hay rayones, pero no quiebres\u201d, se\u00f1al\u00f3 el consultor desde sus redes sociales.<\/p>\n\n\n\n<p>Los resultados totales se completan con las otras dos opciones que mostraba dicha encuesta: la imagen negativa de Milei es del 48%, mientras que el 6,5% manifest\u00f3 que lo ve \u201cregular\u201d.<\/p>\n\n\n\n<p>La misma consultora, en el final de la primera quincena de julio, hab\u00eda publicado otra encuesta donde se le preguntaba, entre el 26 y el 30 de junio a la misma cantidad de personas, qu\u00e9 opinaba sobre \u201cel esfuerzo econ\u00f3mico que le pide el Presidente de la Naci\u00f3n a los argentinos\u201d y el 43,2% asegur\u00f3 que ten\u00eda \u201cmucho sentido\u201d debido a que \u201cdentro de poco\u201d la situaci\u00f3n iba a mejorar.<\/p>\n\n\n\n<p>Por otra parte, el 39, 2% manifest\u00f3 que este \u201cno es el camino correcto\u201d, mientras que el 15,5% expres\u00f3 que \u201cle gustar\u00eda\u201d que este ajuste \u201ctuviera sentido\u201d, sin embargo \u201cdudaron de que funcione\u201d; el 2,1% se abstuvo de responder.<\/p>\n\n\n\n<p>Al respecto de esa encuesta, Giacobbe se\u00f1al\u00f3 que hay una \u201cfrontera de dolor tolerable\u201d donde \u201cesfuerzo y sentido\u201d priman. Y agreg\u00f3: \u201cEs lo verdaderamente importante en la relaci\u00f3n de un presidente con su opini\u00f3n p\u00fablica\u201d.<\/p>\n","protected":false},"excerpt":{"rendered":"<p>Lo datos fueron realizados y publicados por la consultora Giacobbe. La ca\u00edda de la imagen del Presidente de la Naci\u00f3n vari\u00f3 de junio a julio. La imagen positiva del presidente Javier Milei baj\u00f3 un 4%, en el \u00faltimo mes, seg\u00fan una encuesta publicada por la consultora Giacobbe que lleva adelante el analista pol\u00edtico y consultor [&hellip;]<\/p>\n","protected":false},"author":11,"featured_media":10234,"comment_status":"open","ping_status":"open","sticky":false,"template":"","format":"standard","meta":{"footnotes":""},"categories":[26],"tags":[],"class_list":{"0":"post-10233","1":"post","2":"type-post","3":"status-publish","4":"format-standard","5":"has-post-thumbnail","7":"category-nacionales"},"aioseo_notices":[],"_links":{"self":[{"href":"https:\/\/lalupa24.com.ar\/index.php\/wp-json\/wp\/v2\/posts\/10233","targetHints":{"allow":["GET"]}}],"collection":[{"href":"https:\/\/lalupa24.com.ar\/index.php\/wp-json\/wp\/v2\/posts"}],"about":[{"href":"https:\/\/lalupa24.com.ar\/index.php\/wp-json\/wp\/v2\/types\/post"}],"author":[{"embeddable":true,"href":"https:\/\/lalupa24.com.ar\/index.php\/wp-json\/wp\/v2\/users\/11"}],"replies":[{"embeddable":true,"href":"https:\/\/lalupa24.com.ar\/index.php\/wp-json\/wp\/v2\/comments?post=10233"}],"version-history":[{"count":1,"href":"https:\/\/lalupa24.com.ar\/index.php\/wp-json\/wp\/v2\/posts\/10233\/revisions"}],"predecessor-version":[{"id":10235,"href":"https:\/\/lalupa24.com.ar\/index.php\/wp-json\/wp\/v2\/posts\/10233\/revisions\/10235"}],"wp:featuredmedia":[{"embeddable":true,"href":"https:\/\/lalupa24.com.ar\/index.php\/wp-json\/wp\/v2\/media\/10234"}],"wp:attachment":[{"href":"https:\/\/lalupa24.com.ar\/index.php\/wp-json\/wp\/v2\/media?parent=10233"}],"wp:term":[{"taxonomy":"category","embeddable":true,"href":"https:\/\/lalupa24.com.ar\/index.php\/wp-json\/wp\/v2\/categories?post=10233"},{"taxonomy":"post_tag","embeddable":true,"href":"https:\/\/lalupa24.com.ar\/index.php\/wp-json\/wp\/v2\/tags?post=10233"}],"curies":[{"name":"wp","href":"https:\/\/api.w.org\/{rel}","templated":true}]}}