{"id":10236,"date":"2025-08-04T08:00:00","date_gmt":"2025-08-04T11:00:00","guid":{"rendered":"https:\/\/lalupa24.com.ar\/?p=10236"},"modified":"2025-08-03T20:02:56","modified_gmt":"2025-08-03T23:02:56","slug":"el-oficialismo-enfrenta-una-dura-batalla-para-sostener-los-vetos-presidenciales","status":"publish","type":"post","link":"https:\/\/lalupa24.com.ar\/index.php\/2025\/08\/04\/el-oficialismo-enfrenta-una-dura-batalla-para-sostener-los-vetos-presidenciales\/","title":{"rendered":"El oficialismo enfrenta una dura batalla para sostener los vetos presidenciales"},"content":{"rendered":"\n<p>Aunque desde el Gobierno se mostraron confiados en revertir los proyectos jubilatorios y de emergencia en discapacidad, los n\u00fameros en Diputados reflejan un escenario complejo. Con votaciones contundentes y aliados que se desmarcaron, la oposici\u00f3n logr\u00f3 avances significativos que ponen en jaque la estrategia oficialista.<\/p>\n\n\n\n<p>La aprobaci\u00f3n de la emergencia en discapacidad se logr\u00f3 con los dos tercios de los votos.<\/p>\n\n\n\n<p>Si bien fuentes oficiales se mostraron optimistas los \u00faltimos d\u00edas respecto de la posibilidad de sostener los vetos presidenciales a las leyes jubilatorias y la emergencia en discapacidad, la realidad es que, a priori, no la tiene f\u00e1cil el oficialismo.<\/p>\n\n\n\n<p>Es que la oposici\u00f3n consigui\u00f3 en Diputados resultados muy contundentes, raz\u00f3n por la cual el Gobierno se encuentra abocado a tratar de asegurar los votos para revertir los vetos.<\/p>\n\n\n\n<p>Recordemos que en el caso de los aumentos jubilatorios, el proyecto fue aprobado por 142 votos a favor, 67 en contra y 19 abstenciones el pasado 4 de julio.<\/p>\n\n\n\n<p>Veamos qui\u00e9nes votaron a favor. Impulsores del proyecto, aportaron a los votos positivos 93 integrantes de Uni\u00f3n por la Patria, 13 de Encuentro Federal, 9 de Democracia para Siempre, 6 de la Coalici\u00f3n C\u00edvica y 5 del Frente de Izquierda.<\/p>\n\n\n\n<p>Adem\u00e1s, votaron a favor Sergio Acevedo, de Por Santa Cruz; Lourdes Arrieta, de Transformaci\u00f3n; Mario Barletta, de Unidos; Osvaldo Llancafilo, de Movimiento Popular Neuquino; y Roberto Mirabella, de Defendamos Santa Fe.<\/p>\n\n\n\n<p>Uno de los datos m\u00e1s llamativos fue el voto afirmativo de habituales aliados del oficialismo, como los tres tucumanos del bloque Independencia, Agust\u00edn Fern\u00e1ndez, Elia Fern\u00e1ndez y Gladys Medina; las salte\u00f1as Pamela Caletti y Yolanda Vega, de Innovaci\u00f3n Federal; y la sanjuanina Nancy Pic\u00f3n Mart\u00ednez, de Producci\u00f3n y Trabajo.<\/p>\n\n\n\n<p>En tanto, H\u00e9ctor Baldassi volvi\u00f3 a desmarcarse de su bloque, el Pro; al igual que los diputados de la UCR Fabio Quetglas, Roberto S\u00e1nchez, Natalia Sarapura y Julio Cobos.<\/p>\n\n\n\n<p>Los votos en contra fueron: 36 de La Libertad Avanza, 22 del Pro, 4 de la Liga del Interior Eli, 1 del MID, 1 de CREO, 1 de Futuro y Libertad, 1 de Somos Fueguinos, y el del entrerriano Francisco Morchio, quien responde al gobernador Rogelio Frigerio, y fue el \u00fanico de su bancada en votar negativo.<\/p>\n\n\n\n<p>Dentro de las abstenciones, dejaron su huella los macristas del Pro Mart\u00edn Ardohain, Gabriela Besana, Sof\u00eda Brambilla, Germana Figueroa Casas, Luciano Laspina, Silvia Lospennato, Ana Clara Romero, Mar\u00eda Sotolano y Mar\u00eda Eugenia Vidal.<\/p>\n\n\n\n<p>Sacando cuatro votos a favor y una ausencia, toda la bancada radical se abstuvo. Se trata de Karina Banfi, Atilio Benedetti, Gabriela Brouwer de Koning, Soledad Carrizo, Rodrigo de Loredo, Lisandro Nieri, Roxana Reyes, Mart\u00edn Tetaz y Pamela Verasay.<\/p>\n\n\n\n<p>Tambi\u00e9n se abstuvo el santacruce\u00f1o Jos\u00e9 Luis Garrido.<\/p>\n\n\n\n<p>Por \u00faltimo, los ausentes fueron 28: 6 de Innovaci\u00f3n Federal, 5 de Uni\u00f3n por la Patria, 3 de Democracia para Siempre, 3 Pro, 2 Liga del Interior, 2 de La Libertad Avanza, 2 del MID, 1 de Encuentro Federal, 1 UCR, 1 Republicanos Unidos, 1 Producci\u00f3n y Trabajo y 1 Futuro y Libertad.<\/p>\n\n\n\n<p>Moratoria Previsional<\/p>\n\n\n\n<p>A diferencia de lo sucedido con la iniciativa sobre incremento y recomposici\u00f3n en las jubilaciones, los cinco bloques convocantes a sesi\u00f3n guardaban diferencias respecto de la moratoria previsional. Mientras UP y el Frente de Izquierda votaron a favor, la Coalici\u00f3n C\u00edvica lo hizo en contra, y una parte de Encuentro Federal y la totalidad presente de Democracia para Siempre, se abstuvieron.<\/p>\n\n\n\n<p>Los 111 votos a favor fueron 94 de 98 diputados de Uni\u00f3n por la Patria y 5 de 5 del Frente de Izquierda. Adem\u00e1s, desde Encuentro Federal, la bancada liderada por Miguel Pichetto, votaron positivamente la cordobesa Natalia de la Sota y los santafesinos socialistas M\u00f3nica Fein y Esteban Paul\u00f3n.<\/p>\n\n\n\n<p>Tambi\u00e9n lo hicieron Sergio Acevedo, de Por Santa Cruz; Lourdes Arrieta de Transformaci\u00f3n; y Roberto Mirabella, de Defendamos Santa Fe.<\/p>\n\n\n\n<p>Al igual que en el primer proyecto, hubo aliados habituales del oficialismo que alzaron su mano a favor: los tres tucumanos Agust\u00edn Fern\u00e1ndez, Elia Fern\u00e1ndez y Gladys Medina, de Independencia; las salte\u00f1as Pamela Calletti y Yolanda Vega, de Innovaci\u00f3n Federal; y la sanjuanina Nancy Pic\u00f3n Mart\u00ednez.<\/p>\n\n\n\n<p>En tanto, los 100 votos en contra fueron 36 de La Libertad Avanza, 32 del Pro, 13 de la UCR, 5 de la Coalici\u00f3n C\u00edvica, 5 de Encuentro Federal y 4 de La Liga del Interior Eli. Tambi\u00e9n de Mario Barletta, de Unidos; Gabriel Chumpitaz, de Futuro y Libertad; Ricardo Garramu\u00f1o, de Somos Fueguinos; Cecilia Ib\u00e1\u00f1ez, del MID; y Paula Omodeo, de CREO.<\/p>\n\n\n\n<p>Las 15 abstenciones fueron de Marcela Antola, Fernando Carbajal, Carla Carrizo, Mariela Coletta, Melina Giorgi, Pablo Juliano, Facundo Manes, Jorge Rizzotti y Danya Tavela, por Democracia para Siempre; Emilio Monz\u00f3, Florencio Randazzo, Margarita Stolbizer y Alejandra Torres, por Encuentro Federal; Jos\u00e9 Luis Garrido, de Por Santa Cruz y Osvaldo Llancafilo, de Movimiento Popular Neuquino.<\/p>\n\n\n\n<p>Emergencia en discapacidad<\/p>\n\n\n\n<p>En el caso de la emergencia en discapacidad, el texto reuni\u00f3 los votos a favor de los dos tercios de los presentes. Un n\u00famero clave que el Poder Ejecutivo deber\u00e1 tener en cuenta ante una eventual decisi\u00f3n.<\/p>\n\n\n\n<p>En el tema de jubilaciones un pu\u00f1ado de aliados provinciales ya se hab\u00edan diferenciado del oficialismo, pero en este caso fueron, adem\u00e1s de esos, los integrantes de la Uni\u00f3n C\u00edvica Radical quienes se inclinaron tambi\u00e9n por la afirmativa. Justamente, el presidente de esa bancada, Rodrigo de Loredo, manifest\u00f3 su voto a viva voz.<\/p>\n\n\n\n<p>Si bien el tablero marc\u00f3 148 votos positivos, aparecieron como ausentes, con un c\u00edrculo en gris, De Loredo y Paula Penacca, la secretaria parlamentaria del bloque Uni\u00f3n por la Patria. Esto qued\u00f3 registrado as\u00ed tambi\u00e9n en el acta de votaci\u00f3n, donde figuran ausentes, pero en el final se aclara que ambos se manifestaron a viva voz.<\/p>\n\n\n\n<p>En el caso de Penacca, antes de la votaci\u00f3n advirti\u00f3 al presidente de la C\u00e1mara baja, Mart\u00edn Menem.<\/p>\n\n\n\n<p>Del total de los 150 votos a favor hubo 93 de 98 de Uni\u00f3n por la Patria; 13 de 14 de la UCR; 11 de 15 de Encuentro Federal; 9 de 12 de Democracia para Siempre; 6 de 6 de la Coalici\u00f3n C\u00edvica; y 5 de 5 del Frente de Izquierda.<\/p>\n\n\n\n<p>Adem\u00e1s, votaron positivamente los tres tucumanos de Independencia Agust\u00edn Fern\u00e1ndez, Elia Fern\u00e1ndez y Gladys Medina; las salte\u00f1as de Innovaci\u00f3n Federal Pamela Calletti y Yolanda Vega; los santacruce\u00f1os de Por Santa Cruz Sergio Acevedo y Jos\u00e9 Luis Garrido; H\u00e9ctor Baldassi, del Pro; Osvaldo Llancafilo, de Movimiento Popular Neuquino; Nancy Pic\u00f3n Mart\u00ednez, de Producci\u00f3n y Trabajo; Lourdes Arrieta, de Transformaci\u00f3n; Mario Barletta, de Unidos y Roberto Mirabella, de Defendamos Santa Fe.<\/p>\n\n\n\n<p>En tanto, los 71 votos en contra correspondieron: 35 de 38 de La Libertad Avanza; 29 de 35 del Pro; 4 de 6 de la Liga del Interior Eli; Paula Omodeo, de CREO; Cecilia Ib\u00e1\u00f1ez del MID; y Ricardo Garramu\u00f1o, de Somos Fueguinos.<\/p>\n","protected":false},"excerpt":{"rendered":"<p>Aunque desde el Gobierno se mostraron confiados en revertir los proyectos jubilatorios y de emergencia en discapacidad, los n\u00fameros en Diputados reflejan un escenario complejo. Con votaciones contundentes y aliados que se desmarcaron, la oposici\u00f3n logr\u00f3 avances significativos que ponen en jaque la estrategia oficialista. La aprobaci\u00f3n de la emergencia en discapacidad se logr\u00f3 con [&hellip;]<\/p>\n","protected":false},"author":11,"featured_media":10237,"comment_status":"open","ping_status":"open","sticky":false,"template":"","format":"standard","meta":{"footnotes":""},"categories":[26],"tags":[],"class_list":{"0":"post-10236","1":"post","2":"type-post","3":"status-publish","4":"format-standard","5":"has-post-thumbnail","7":"category-nacionales"},"aioseo_notices":[],"_links":{"self":[{"href":"https:\/\/lalupa24.com.ar\/index.php\/wp-json\/wp\/v2\/posts\/10236","targetHints":{"allow":["GET"]}}],"collection":[{"href":"https:\/\/lalupa24.com.ar\/index.php\/wp-json\/wp\/v2\/posts"}],"about":[{"href":"https:\/\/lalupa24.com.ar\/index.php\/wp-json\/wp\/v2\/types\/post"}],"author":[{"embeddable":true,"href":"https:\/\/lalupa24.com.ar\/index.php\/wp-json\/wp\/v2\/users\/11"}],"replies":[{"embeddable":true,"href":"https:\/\/lalupa24.com.ar\/index.php\/wp-json\/wp\/v2\/comments?post=10236"}],"version-history":[{"count":1,"href":"https:\/\/lalupa24.com.ar\/index.php\/wp-json\/wp\/v2\/posts\/10236\/revisions"}],"predecessor-version":[{"id":10238,"href":"https:\/\/lalupa24.com.ar\/index.php\/wp-json\/wp\/v2\/posts\/10236\/revisions\/10238"}],"wp:featuredmedia":[{"embeddable":true,"href":"https:\/\/lalupa24.com.ar\/index.php\/wp-json\/wp\/v2\/media\/10237"}],"wp:attachment":[{"href":"https:\/\/lalupa24.com.ar\/index.php\/wp-json\/wp\/v2\/media?parent=10236"}],"wp:term":[{"taxonomy":"category","embeddable":true,"href":"https:\/\/lalupa24.com.ar\/index.php\/wp-json\/wp\/v2\/categories?post=10236"},{"taxonomy":"post_tag","embeddable":true,"href":"https:\/\/lalupa24.com.ar\/index.php\/wp-json\/wp\/v2\/tags?post=10236"}],"curies":[{"name":"wp","href":"https:\/\/api.w.org\/{rel}","templated":true}]}}