{"id":10285,"date":"2025-08-04T17:56:55","date_gmt":"2025-08-04T20:56:55","guid":{"rendered":"https:\/\/lalupa24.com.ar\/?p=10285"},"modified":"2025-08-04T17:56:57","modified_gmt":"2025-08-04T20:56:57","slug":"elecciones-en-caba-la-libertad-avanza-le-ofrecio-dos-lugares-al-pro","status":"publish","type":"post","link":"https:\/\/lalupa24.com.ar\/index.php\/2025\/08\/04\/elecciones-en-caba-la-libertad-avanza-le-ofrecio-dos-lugares-al-pro\/","title":{"rendered":"Elecciones en CABA La Libertad Avanza le ofreci\u00f3 dos lugares\u00a0al PRO"},"content":{"rendered":"\n<p>Los representantes del PRO y de La Libertad Avanza est\u00e1n cerca de alcanzar un acuerdo para formalizar la alianza tambi\u00e9n en la ciudad de Buenos Aires, luego de que la Casa Rosada les acercara a sus posibles compa\u00f1eros de lista una oferta superadora de lugares en la boleta que habr\u00eda conformado a todas las partes.<\/p>\n\n\n\n<p>En un primer momento, el oficialismo nacional le propuso a\u00a0<strong>Mauricio Macri\u00a0<\/strong>entregarle solamente el tercer y el s\u00e9ptimo puesto en la n\u00f3mina, lo que no hab\u00eda dejado conforme al ex presidente.<\/p>\n\n\n\n<p>A tres d\u00edas de que venza el plazo para la presentaci\u00f3n de las coaliciones, el ex mandatario convoc\u00f3 a una reuni\u00f3n con los principales dirigentes de su partido, en la que expres\u00f3 su descontento ante esta situaaci\u00f3n.<\/p>\n\n\n\n<p>\u201cEllos quieren tomar una posici\u00f3n totalmente dominante. Pero la prioridad del PRO desde hace casi dos a\u00f1os ha sido siempre intentar ayudarlos a generar gobernabilidad. Lamentablemente, no ha sido el nivel de gobernabilidad que la Argentina necesitaba, por eso seguimos con este nivel de riesgo pa\u00eds y con problemas para que el pa\u00eds vuelva a crecer\u201d, afirm\u00f3 el ex jefe de Estado en declaraciones a\u00a0<em>Radio Mitre<\/em>, en la previa del encuentro.<\/p>\n\n\n\n<p>El l\u00edder de este espacio rechaz\u00f3 el ofrecimiento al considerar que, suponiendo que el frente integrado por las dos fuerzas pol\u00edticas hiciera una muy buena elecci\u00f3n, obtendr\u00eda alrededor de seis diputados.<\/p>\n\n\n\n<p>De esa manera, bajo las condiciones de los libertarios, en ese escenario el macrismo conseguir\u00eda solamente una de las bancas en disputa, por lo que se comunic\u00f3 con los interlocutores violetas y les reclam\u00f3 el segundo y quinto lugar.<\/p>\n\n\n\n<p>Cuando parec\u00eda que no se iba a poder alcanzar un consenso, las autoridades de LLA acercaron una contraoferta:<strong>\u00a0<\/strong>darles a sus eventuales aliados el quinto y sexto lugar en la lista.<\/p>\n\n\n\n<p>As\u00ed, si bien son los dos \u00faltimos puestos de los \u201centrables\u201d en la boleta, le garantizar\u00eda al PRO hacerse con ambas bancas en caso de hacer una buena elecci\u00f3n en octubre.<\/p>\n\n\n\n<p>\u201cVamos camino a cerrar el acuerdo con La Libertad Avanza, nos ofrecieron dos lugares de los entrables\u201d, reconoci\u00f3 a Infobae una persona cercana al jefe de Gobierno porte\u00f1o,\u00a0Jorge Macri, que en la antesala de las negociaciones era el m\u00e1s cr\u00edtico del acuerdo.<\/p>\n\n\n\n<p>En la reuni\u00f3n del partido, que se realiz\u00f3 en la sede del espacio, en Balcarce y Belgrano, en el barrio porte\u00f1o de San Telmo, estuvo toda la c\u00fapula amarilla, incluidos el alcalde de la ciudad y el diputado\u00a0Cristian Ritondo.<\/p>\n\n\n\n<p>Por Zoom tambi\u00e9n asistieron los gobernadores de Entre R\u00edos, Rogelio Frigerio, y de Chubut, Ignacio Torres, y los dirigentes Mar\u00eda Eugenia Vidal, Fernando De Andreis, Alfredo De Angeli, Soledad Mart\u00ednez, Mart\u00edn Yeza, Mar\u00eda Sotolano, Facundo P\u00e9rez Carletti y Daiana Fern\u00e1ndez Molero, entre otros.<\/p>\n\n\n\n<p>Por otra parte, el PRO viene reclamando poner al candidato suplente a senador, ya que los dos aspirantes a la C\u00e1mara alta ser\u00e1n del oficialismo nacional, tal como exigi\u00f3 la secretaria general de la Presidencia,<strong>\u00a0<\/strong>Karina Milei, como condici\u00f3n inflexible.<\/p>\n","protected":false},"excerpt":{"rendered":"<p>Los representantes del PRO y de La Libertad Avanza est\u00e1n cerca de alcanzar un acuerdo para formalizar la alianza tambi\u00e9n en la ciudad de Buenos Aires, luego de que la Casa Rosada les acercara a sus posibles compa\u00f1eros de lista una oferta superadora de lugares en la boleta que habr\u00eda conformado a todas las partes. [&hellip;]<\/p>\n","protected":false},"author":2,"featured_media":10286,"comment_status":"open","ping_status":"open","sticky":false,"template":"","format":"standard","meta":{"footnotes":""},"categories":[26],"tags":[],"class_list":{"0":"post-10285","1":"post","2":"type-post","3":"status-publish","4":"format-standard","5":"has-post-thumbnail","7":"category-nacionales"},"aioseo_notices":[],"_links":{"self":[{"href":"https:\/\/lalupa24.com.ar\/index.php\/wp-json\/wp\/v2\/posts\/10285","targetHints":{"allow":["GET"]}}],"collection":[{"href":"https:\/\/lalupa24.com.ar\/index.php\/wp-json\/wp\/v2\/posts"}],"about":[{"href":"https:\/\/lalupa24.com.ar\/index.php\/wp-json\/wp\/v2\/types\/post"}],"author":[{"embeddable":true,"href":"https:\/\/lalupa24.com.ar\/index.php\/wp-json\/wp\/v2\/users\/2"}],"replies":[{"embeddable":true,"href":"https:\/\/lalupa24.com.ar\/index.php\/wp-json\/wp\/v2\/comments?post=10285"}],"version-history":[{"count":1,"href":"https:\/\/lalupa24.com.ar\/index.php\/wp-json\/wp\/v2\/posts\/10285\/revisions"}],"predecessor-version":[{"id":10287,"href":"https:\/\/lalupa24.com.ar\/index.php\/wp-json\/wp\/v2\/posts\/10285\/revisions\/10287"}],"wp:featuredmedia":[{"embeddable":true,"href":"https:\/\/lalupa24.com.ar\/index.php\/wp-json\/wp\/v2\/media\/10286"}],"wp:attachment":[{"href":"https:\/\/lalupa24.com.ar\/index.php\/wp-json\/wp\/v2\/media?parent=10285"}],"wp:term":[{"taxonomy":"category","embeddable":true,"href":"https:\/\/lalupa24.com.ar\/index.php\/wp-json\/wp\/v2\/categories?post=10285"},{"taxonomy":"post_tag","embeddable":true,"href":"https:\/\/lalupa24.com.ar\/index.php\/wp-json\/wp\/v2\/tags?post=10285"}],"curies":[{"name":"wp","href":"https:\/\/api.w.org\/{rel}","templated":true}]}}