{"id":10288,"date":"2025-08-04T18:04:10","date_gmt":"2025-08-04T21:04:10","guid":{"rendered":"https:\/\/lalupa24.com.ar\/?p=10288"},"modified":"2025-08-04T18:04:12","modified_gmt":"2025-08-04T21:04:12","slug":"que-le-pedira-axel-kicillof-a-la-corte-suprema","status":"publish","type":"post","link":"https:\/\/lalupa24.com.ar\/index.php\/2025\/08\/04\/que-le-pedira-axel-kicillof-a-la-corte-suprema\/","title":{"rendered":"Qu\u00e9 le pedir\u00e1 Axel Kicillof a la Corte Suprema"},"content":{"rendered":"\n<p>El gobierno de\u00a0Axel Kicillof presentar\u00e1 este martes una nueva solicitud ante la\u00a0Corte Suprema de Justicia de la Naci\u00f3n. La provincia de Buenos Aires reclama al gobierno de\u00a0Javier Milei\u00a0una\u00a0millonaria deuda por fondos previsionales. La administraci\u00f3n bonaerense exige una audiencia de conciliaci\u00f3n y la restituci\u00f3n de fondos que, seg\u00fan sus c\u00e1lculos, alcanzan\u00a0un total de $12,1 billones.<\/p>\n\n\n\n<p>El gobierno bonaerense le pedir\u00e1 al m\u00e1ximo tribunal que se expida sobre su competencia para tratar la causa. Tambi\u00e9n\u00a0solicitar\u00e1 que fije una audiencia de partes. El objetivo es encontrar una soluci\u00f3n al reclamo por la\u00a0deuda de la Anses con la caja de jubilaciones provincial.<\/p>\n\n\n\n<p>\u201cEn el d\u00eda de ma\u00f1ana, la Fiscal\u00eda de Estado de la Provincia de Buenos Aires va a presentar un\u00a0pedido a la Corte Suprema de Justicia de la Naci\u00f3n, reclamando los fondos previsionales que el gobierno nacional le adeuda a la Provincia de Buenos Aires\u201d, afirm\u00f3 este lunes el ministro de Gobierno provincial,\u00a0Carlos Bianco.<\/p>\n\n\n\n<p>El funcionario explic\u00f3 que la acci\u00f3n responde a movimientos en causas similares de otras provincias, como C\u00f3rdoba y Santa Fe,\u00a0sin avances en el caso bonaerense\u00a0presentado en abril de 2024.<\/p>\n\n\n\n<p>La administraci\u00f3n de Kicillof present\u00f3 un informe que\u00a0actualiza la deuda atribuida a Naci\u00f3n:\u00a0el monto total asciende a\u00a0$12,1 billones. Este pasivo se descompone en tres grandes grupos.<\/p>\n\n\n\n<h2 class=\"wp-block-heading\">\u00bfQu\u00e9 deudas espec\u00edficas componen el reclamo?<\/h2>\n\n\n\n<ul class=\"wp-block-list\">\n<li>Deudas directas\u00a0por $3.044.800 millones.<\/li>\n\n\n\n<li>Saldos de obras p\u00fablicas comprometidas por la Naci\u00f3n\u00a0que alcanzan los $6.906.928 millones.<\/li>\n\n\n\n<li>Un reclamo de $2.165.919 millones por la\u00a0discontinuidad o los retrasos en la ejecuci\u00f3n de programas\u00a0nacionales en el territorio provincial.<\/li>\n<\/ul>\n\n\n\n<p>El principal componente del reclamo son las\u00a0deudas previsionales. La Provincia exige la\u00a0transferencia de $1.603.648 millones de la Anses a su caja jubilatoria. Otro monto significativo corresponde a la\u00a0paralizaci\u00f3n de 180 obras p\u00fablicas, valuadas en\u00a0$4.018.602 millones.<\/p>\n\n\n\n<p><\/p>\n","protected":false},"excerpt":{"rendered":"<p>El gobierno de\u00a0Axel Kicillof presentar\u00e1 este martes una nueva solicitud ante la\u00a0Corte Suprema de Justicia de la Naci\u00f3n. La provincia de Buenos Aires reclama al gobierno de\u00a0Javier Milei\u00a0una\u00a0millonaria deuda por fondos previsionales. La administraci\u00f3n bonaerense exige una audiencia de conciliaci\u00f3n y la restituci\u00f3n de fondos que, seg\u00fan sus c\u00e1lculos, alcanzan\u00a0un total de $12,1 billones. El [&hellip;]<\/p>\n","protected":false},"author":2,"featured_media":10289,"comment_status":"open","ping_status":"open","sticky":false,"template":"","format":"standard","meta":{"footnotes":""},"categories":[26],"tags":[],"class_list":{"0":"post-10288","1":"post","2":"type-post","3":"status-publish","4":"format-standard","5":"has-post-thumbnail","7":"category-nacionales"},"aioseo_notices":[],"_links":{"self":[{"href":"https:\/\/lalupa24.com.ar\/index.php\/wp-json\/wp\/v2\/posts\/10288","targetHints":{"allow":["GET"]}}],"collection":[{"href":"https:\/\/lalupa24.com.ar\/index.php\/wp-json\/wp\/v2\/posts"}],"about":[{"href":"https:\/\/lalupa24.com.ar\/index.php\/wp-json\/wp\/v2\/types\/post"}],"author":[{"embeddable":true,"href":"https:\/\/lalupa24.com.ar\/index.php\/wp-json\/wp\/v2\/users\/2"}],"replies":[{"embeddable":true,"href":"https:\/\/lalupa24.com.ar\/index.php\/wp-json\/wp\/v2\/comments?post=10288"}],"version-history":[{"count":1,"href":"https:\/\/lalupa24.com.ar\/index.php\/wp-json\/wp\/v2\/posts\/10288\/revisions"}],"predecessor-version":[{"id":10290,"href":"https:\/\/lalupa24.com.ar\/index.php\/wp-json\/wp\/v2\/posts\/10288\/revisions\/10290"}],"wp:featuredmedia":[{"embeddable":true,"href":"https:\/\/lalupa24.com.ar\/index.php\/wp-json\/wp\/v2\/media\/10289"}],"wp:attachment":[{"href":"https:\/\/lalupa24.com.ar\/index.php\/wp-json\/wp\/v2\/media?parent=10288"}],"wp:term":[{"taxonomy":"category","embeddable":true,"href":"https:\/\/lalupa24.com.ar\/index.php\/wp-json\/wp\/v2\/categories?post=10288"},{"taxonomy":"post_tag","embeddable":true,"href":"https:\/\/lalupa24.com.ar\/index.php\/wp-json\/wp\/v2\/tags?post=10288"}],"curies":[{"name":"wp","href":"https:\/\/api.w.org\/{rel}","templated":true}]}}