{"id":1029,"date":"2024-04-24T22:58:02","date_gmt":"2024-04-25T01:58:02","guid":{"rendered":"https:\/\/lalupa24.com.ar\/?p=1029"},"modified":"2024-04-24T22:58:03","modified_gmt":"2024-04-25T01:58:03","slug":"resistencia-ratifico-su-compromiso-para-la-erradicacion-de-la-violencia-laboral","status":"publish","type":"post","link":"https:\/\/lalupa24.com.ar\/index.php\/2024\/04\/24\/resistencia-ratifico-su-compromiso-para-la-erradicacion-de-la-violencia-laboral\/","title":{"rendered":"Resistencia ratific\u00f3 su compromiso para la erradicaci\u00f3n de la violencia laboral"},"content":{"rendered":"\n<p>La Coordinadora de la Oficina para la Prevenci\u00f3n Tratamiento y Sanci\u00f3n de la Violencia Laboral del Municipio de Resistencia, Johana Noem\u00ed Rojas, particip\u00f3 del Primer Foro Regional Para la Erradicaci\u00f3n de la Violencia Laboral. La actividad fue organizada por la Subsecretar\u00eda de Derechos Humanos de la Provincia, a cargo de Hugo Maldonado, y sirvi\u00f3 para seguir sumando herramientas colectivas que permitan un abordaje efectivo de la problem\u00e1tica.<\/p>\n\n\n\n<p>Con la participaci\u00f3n del sector p\u00fablico provincial, municipal, legislativo y judicial; este espacio permiti\u00f3 volcar las experiencias y metodolog\u00edas aplicadas desde la oficina municipal; pudiendo reconocer la importancia de las herramientas de prevenci\u00f3n y tratamiento desde el lugar de responsabilidad que a cada sector le corresponda. Todo esto con la m\u00e1xima rectora de que un \u00e1mbito de trabajo saludable es responsabilidad de todos\/as.<\/p>\n\n\n\n<p>La representaci\u00f3n de la Municipalidad de Resistencia estuvo tambi\u00e9n acompa\u00f1ada por la Subsecretar\u00eda de Acci\u00f3n Social, Jesica Meza, y parte del Equipo Interdisciplinario compuesto por la abogada D\u00e9bora Ganeff y el Psic\u00f3logo Social Hern\u00e1n S\u00e1nchez.<\/p>\n\n\n\n<p>El Municipio de Resistencia recuerda que la Oficina para la Prevenci\u00f3n, Tratamiento y Sanci\u00f3n de la Violencia Laboral, ubicada en Mitre al 545, ofrece una atenci\u00f3n personalizada a los trabajadores y trabajadoras municipales v\u00edctimas de cualquier tipo de violencia, tanto f\u00edsica como psicol\u00f3gica; con el objetivo de brindar asesoramiento legal y atenci\u00f3n psicol\u00f3gica en relaci\u00f3n a la violencia laboral. Cualquier consulta se puede realizar escribiendo a violencialaboral@resistencia.gob.ar o contactando al equipo interdisciplinario mediante las redes sociales de esta dependencia comunal.<\/p>\n","protected":false},"excerpt":{"rendered":"<p>La Coordinadora de la Oficina para la Prevenci\u00f3n Tratamiento y Sanci\u00f3n de la Violencia Laboral del Municipio de Resistencia, Johana Noem\u00ed Rojas, particip\u00f3 del Primer Foro Regional Para la Erradicaci\u00f3n de la Violencia Laboral. La actividad fue organizada por la Subsecretar\u00eda de Derechos Humanos de la Provincia, a cargo de Hugo Maldonado, y sirvi\u00f3 para [&hellip;]<\/p>\n","protected":false},"author":2,"featured_media":1030,"comment_status":"open","ping_status":"open","sticky":false,"template":"","format":"standard","meta":{"footnotes":""},"categories":[28],"tags":[125],"class_list":{"0":"post-1029","1":"post","2":"type-post","3":"status-publish","4":"format-standard","5":"has-post-thumbnail","7":"category-locales","8":"tag-municipalidad-de-resistencia"},"aioseo_notices":[],"_links":{"self":[{"href":"https:\/\/lalupa24.com.ar\/index.php\/wp-json\/wp\/v2\/posts\/1029","targetHints":{"allow":["GET"]}}],"collection":[{"href":"https:\/\/lalupa24.com.ar\/index.php\/wp-json\/wp\/v2\/posts"}],"about":[{"href":"https:\/\/lalupa24.com.ar\/index.php\/wp-json\/wp\/v2\/types\/post"}],"author":[{"embeddable":true,"href":"https:\/\/lalupa24.com.ar\/index.php\/wp-json\/wp\/v2\/users\/2"}],"replies":[{"embeddable":true,"href":"https:\/\/lalupa24.com.ar\/index.php\/wp-json\/wp\/v2\/comments?post=1029"}],"version-history":[{"count":1,"href":"https:\/\/lalupa24.com.ar\/index.php\/wp-json\/wp\/v2\/posts\/1029\/revisions"}],"predecessor-version":[{"id":1031,"href":"https:\/\/lalupa24.com.ar\/index.php\/wp-json\/wp\/v2\/posts\/1029\/revisions\/1031"}],"wp:featuredmedia":[{"embeddable":true,"href":"https:\/\/lalupa24.com.ar\/index.php\/wp-json\/wp\/v2\/media\/1030"}],"wp:attachment":[{"href":"https:\/\/lalupa24.com.ar\/index.php\/wp-json\/wp\/v2\/media?parent=1029"}],"wp:term":[{"taxonomy":"category","embeddable":true,"href":"https:\/\/lalupa24.com.ar\/index.php\/wp-json\/wp\/v2\/categories?post=1029"},{"taxonomy":"post_tag","embeddable":true,"href":"https:\/\/lalupa24.com.ar\/index.php\/wp-json\/wp\/v2\/tags?post=1029"}],"curies":[{"name":"wp","href":"https:\/\/api.w.org\/{rel}","templated":true}]}}