{"id":10299,"date":"2025-08-05T06:00:00","date_gmt":"2025-08-05T09:00:00","guid":{"rendered":"https:\/\/lalupa24.com.ar\/?p=10299"},"modified":"2025-08-04T23:40:56","modified_gmt":"2025-08-05T02:40:56","slug":"la-corte-de-brasil-ordeno-el-arresto-domiciliario-para-el-ex-presidente-jair-bolsonaro","status":"publish","type":"post","link":"https:\/\/lalupa24.com.ar\/index.php\/2025\/08\/05\/la-corte-de-brasil-ordeno-el-arresto-domiciliario-para-el-ex-presidente-jair-bolsonaro\/","title":{"rendered":"La Corte de Brasil orden\u00f3 el \u201carresto domiciliario\u201d para el ex presidente Jair Bolsonaro"},"content":{"rendered":"\n<p>Es por no respetar las restricciones impuestas en la causa por el presunto plan golpista contra Lula da Silva, &#8220;La justicia no permitir\u00e1 que un acusado la considere una tonta, creyendo que permanecer\u00e1 impune por tener poder pol\u00edtico y econ\u00f3mico&#8221; dijo el magistrado Alexandre de Moraes <\/p>\n\n\n\n<p>El Supremo Tribunal de Brasil<strong>\u00a0<\/strong>orden\u00f3 arresto domiciliario\u00a0para el ex presidente Jair Bolsonaro por presunto plan golpista.<\/p>\n\n\n\n<p>La orden judicial ocurre un d\u00eda despu\u00e9s de que figuras cercanas a Bolsonaro publicaran im\u00e1genes suyas en redes sociales,<strong>\u00a0<\/strong>en violaci\u00f3n de las medidas ordenadas\u00a0por la corte suprema, durante una jornada de manifestaciones en apoyo al expresidente.<\/p>\n\n\n\n<p>&#8220;Actuando ilegalmente, el acusado Jair Bolsonaro se dirigi\u00f3 a los manifestantes reunidos en Copacabana, R\u00edo de Janeiro,\u00a0produciendo intencional y conscientemente material prefabricado<strong>\u00a0<\/strong>para que sus partidarios siguieran presionando al Tribunal Supremo y obstruyendo la justicia&#8221;, sostiene el juez.<\/p>\n\n\n\n<p>&#8220;Su llamada telef\u00f3nica con su hijo, Fl\u00e1vio, fue publicada en Instagram&#8221;, agreg\u00f3 el magistrado en su orden de detenci\u00f3n.<\/p>\n\n\n\n<p>En su fallo, Alexandre de Moraes declara que el poder judicial no permitir\u00e1 que Bolsonaro &#8220;trate al pa\u00eds como un tonto&#8221;, un d\u00eda despu\u00e9s de que aliados cercanos del expresidente ultraderechista publicaran im\u00e1genes suyas en redes sociales, desafiando la prohibici\u00f3n impuesta por Moraes.<\/p>\n\n\n\n<p>El juez determin\u00f3 la incautaci\u00f3n de los celulares de Bolsonaro, que a su juicio fueron utilizados para violar las medidas cautelares y orden\u00f3 nuevas restricciones para el expresidente, que no podr\u00e1 recibir visitas, salvo las de sus abogados o de personas previamente autoridades por la Corte, ni usar celulares.<\/p>\n\n\n\n<p>Los fiscales acusan a Bolsonaro de\u00a0encabezar una organizaci\u00f3n criminal\u00a0que conspir\u00f3 para anular las elecciones, con planes para asesinar al presidente Lula y a un juez del Supremo Tribunal Federal.<\/p>\n\n\n\n<p>El mes pasado, el m\u00e1ximo tribunal orden\u00f3 a Bolsonaro\u00a0usar una tobillera de rastreo\u00a0e impuso l\u00edmites a sus actividades mientras se llevan a cabo los procedimientos.<\/p>\n\n\n\n<p>El domingo, miles de simpatizantes de Bolsonaro salieron a las calles de San Pablo\u00a0para protestar contra el gobierno del presidente Lula Da Silva y el juez del Tribunal Supremo Alexandre de Moraes. Ondeando banderas estadounidenses y sosteniendo pancartas con la leyenda &#8220;SOS Trump&#8221;, los manifestantes apoyaron a Donald Trump despu\u00e9s de que admitiera haber impuesto aranceles del 50 % a Brasil por procesar a su aliado, Jair Bolsonaro, acusado de planear un golpe de Estado para mantenerse en el poder.<\/p>\n\n\n\n<p>Hace dos semanas, la Corte determin\u00f3 que Bolsonaro deb\u00eda llevar una tobillera electr\u00f3nica en el tobillo por orden del Supremo Tribunal Federal, donde est\u00e1 siendo juzgado por supuestamente orquestar un complot golpista para permanecer en el cargo a pesar de su derrota en las elecciones de 2022.<\/p>\n\n\n\n<p>El caso recibi\u00f3 renovada atenci\u00f3n despu\u00e9s que el presidente estadounidense Donald Trump vinculara directamente un arancel del 50% sobre los bienes importados de Brasil con la situaci\u00f3n judicial de Bolsonaro, a<strong>\u00a0<\/strong>la que Trump calific\u00f3 de &#8220;cacer\u00eda de brujas&#8221;.<\/p>\n\n\n\n<p>La orden del Supremo Tribunal para que Bolsonaro use un monitor en el tobillo, entre otras restricciones, se dio luego que la Polic\u00eda Federal y los fiscales\u00a0resaltaran las altas posibilidades de que Bolsonaro intente darse a la fuga. Las autoridades, citando m\u00faltiples publicaciones en redes sociales, tambi\u00e9n acusaron a Bolsonaro de trabajar con su hijo Eduardo para incitar a Estados Unidos a interferir en el juicio e imponer sanciones contra funcionarios brasile\u00f1os.<\/p>\n\n\n\n<p>Bolsonaro y su familia son responsables de promover una &#8220;interferencia extranjera&#8221; a la soberan\u00eda de Brasil, que llev\u00f3 a la imposici\u00f3n de aranceles del 50 por ciento a productos brasile\u00f1os por el mandatario estadounidense, Donald Trump, afirm\u00f3 este lunes la ministra de Relaciones Institucionales de Brasil, Gleisi Hoffmann.<\/p>\n\n\n\n<p>La ministra de la Presidencia de Brasil expres\u00f3 lo anterior en el marco de la clausura del 17\u00ba Encuentro Nacional del Partido de los Trabajadores (PT), realizada en la ciudad de Brasilia.<\/p>\n\n\n\n<p>Las acusaciones, la fiscal\u00eda acusa a Bolsonaro\u00a0de liderar una organizaci\u00f3n criminal armada,<strong>\u00a0<\/strong>intentar llevar a cabo un golpe de Estado e intentar la abolici\u00f3n violenta del estado de derecho democr\u00e1tico, da\u00f1o agravado y deterioro de sitios patrimoniales listados.<\/p>\n\n\n\n<p>Una investigaci\u00f3n de la polic\u00eda federal coloc\u00f3 a Bolsonaro en la cima de una organizaci\u00f3n criminal que hab\u00eda estado activa al menos desde 2021. La polic\u00eda se\u00f1ala que tras la derrota de Bolsonaro ante Lula, la organizaci\u00f3n conspir\u00f3 para revertir el resultado electoral.<\/p>\n\n\n\n<p>Parte de ese complot inclu\u00eda un plan para\u00a0asesinar a Lula y a un juez del Supremo Tribunal Federal, seg\u00fan alega la fiscal\u00eda. Tambi\u00e9n afirma que el mot\u00edn del 8 de enero, cuando los seguidores de Bolsonaro saquearon los principales edificios gubernamentales una semana despu\u00e9s que Lula asumiera el cargo, fue un intento de forzar la intervenci\u00f3n militar y derrocar al nuevo presidente.<\/p>\n\n\n\n<p><\/p>\n","protected":false},"excerpt":{"rendered":"<p>Es por no respetar las restricciones impuestas en la causa por el presunto plan golpista contra Lula da Silva, &#8220;La justicia no permitir\u00e1 que un acusado la considere una tonta, creyendo que permanecer\u00e1 impune por tener poder pol\u00edtico y econ\u00f3mico&#8221; dijo el magistrado Alexandre de Moraes El Supremo Tribunal de Brasil\u00a0orden\u00f3 arresto domiciliario\u00a0para el ex [&hellip;]<\/p>\n","protected":false},"author":2,"featured_media":10300,"comment_status":"open","ping_status":"open","sticky":false,"template":"","format":"standard","meta":{"footnotes":""},"categories":[25],"tags":[],"class_list":{"0":"post-10299","1":"post","2":"type-post","3":"status-publish","4":"format-standard","5":"has-post-thumbnail","7":"category-internacionales"},"aioseo_notices":[],"_links":{"self":[{"href":"https:\/\/lalupa24.com.ar\/index.php\/wp-json\/wp\/v2\/posts\/10299","targetHints":{"allow":["GET"]}}],"collection":[{"href":"https:\/\/lalupa24.com.ar\/index.php\/wp-json\/wp\/v2\/posts"}],"about":[{"href":"https:\/\/lalupa24.com.ar\/index.php\/wp-json\/wp\/v2\/types\/post"}],"author":[{"embeddable":true,"href":"https:\/\/lalupa24.com.ar\/index.php\/wp-json\/wp\/v2\/users\/2"}],"replies":[{"embeddable":true,"href":"https:\/\/lalupa24.com.ar\/index.php\/wp-json\/wp\/v2\/comments?post=10299"}],"version-history":[{"count":1,"href":"https:\/\/lalupa24.com.ar\/index.php\/wp-json\/wp\/v2\/posts\/10299\/revisions"}],"predecessor-version":[{"id":10301,"href":"https:\/\/lalupa24.com.ar\/index.php\/wp-json\/wp\/v2\/posts\/10299\/revisions\/10301"}],"wp:featuredmedia":[{"embeddable":true,"href":"https:\/\/lalupa24.com.ar\/index.php\/wp-json\/wp\/v2\/media\/10300"}],"wp:attachment":[{"href":"https:\/\/lalupa24.com.ar\/index.php\/wp-json\/wp\/v2\/media?parent=10299"}],"wp:term":[{"taxonomy":"category","embeddable":true,"href":"https:\/\/lalupa24.com.ar\/index.php\/wp-json\/wp\/v2\/categories?post=10299"},{"taxonomy":"post_tag","embeddable":true,"href":"https:\/\/lalupa24.com.ar\/index.php\/wp-json\/wp\/v2\/tags?post=10299"}],"curies":[{"name":"wp","href":"https:\/\/api.w.org\/{rel}","templated":true}]}}