{"id":10308,"date":"2025-08-05T08:32:00","date_gmt":"2025-08-05T11:32:00","guid":{"rendered":"https:\/\/lalupa24.com.ar\/?p=10308"},"modified":"2025-08-05T16:35:33","modified_gmt":"2025-08-05T19:35:33","slug":"destacada-participacion-de-emprendedores-chaquenos-en-la-expo-rural","status":"publish","type":"post","link":"https:\/\/lalupa24.com.ar\/index.php\/2025\/08\/05\/destacada-participacion-de-emprendedores-chaquenos-en-la-expo-rural\/","title":{"rendered":"Destacada participaci\u00f3n de emprendedores chaque\u00f1os en la expo rural"},"content":{"rendered":"\n<p>En el stand montado por el Ministerio de la Producci\u00f3n y el Desarrollo Econ\u00f3mico Sostenible, se exhibieron y comercializaron productos de gastronom\u00eda, miel de distintas regiones, nuez, cervezas artesanales, textiles e hilander\u00eda, muebles de dise\u00f1o, trabajos en madera, herrer\u00eda y cer\u00e1mica. \u201cFue un gran desaf\u00edo, con resultados que superaron todas las expectativas\u201d, celebr\u00f3 el subsecretario de Emprendedurismo Urbano y Rural, Federico Budi\u00f1o, quien acompa\u00f1\u00f3 a los 11 emprendedores chaque\u00f1os durante los 10 d\u00edas que dur\u00f3 la muestra.<\/p>\n\n\n\n<p>Bajo el lema \u201cSomos una comunidad que agrega valor al campo\u201d, el espacio chaque\u00f1o recibi\u00f3 a miles de visitantes interesados en conocer el trabajo artesanal de productores urbanos y rurales. \u201cLos emprendedores vendieron la mayor\u00eda de los productos que llevaron\u201d, destac\u00f3 Budi\u00f1o. Adem\u00e1s de las ventas y el contacto directo con el p\u00fablico, la participaci\u00f3n en Palermo permiti\u00f3 cerrar acuerdos para que en la Casa del Chaco en Buenos Aires se exhiban y comercialicen productos chaque\u00f1os, entre ellos los muebles de Veta Noble. \u201cEstas actividades generan una gran demanda y nos llenan de alegr\u00eda porque estamos potenciando el trabajo de los emprendedores en toda la provincia\u201d, concluy\u00f3 el funcionario<\/p>\n","protected":false},"excerpt":{"rendered":"<p>En el stand montado por el Ministerio de la Producci\u00f3n y el Desarrollo Econ\u00f3mico Sostenible, se exhibieron y comercializaron productos de gastronom\u00eda, miel de distintas regiones, nuez, cervezas artesanales, textiles e hilander\u00eda, muebles de dise\u00f1o, trabajos en madera, herrer\u00eda y cer\u00e1mica. \u201cFue un gran desaf\u00edo, con resultados que superaron todas las expectativas\u201d, celebr\u00f3 el subsecretario [&hellip;]<\/p>\n","protected":false},"author":2,"featured_media":10309,"comment_status":"open","ping_status":"open","sticky":false,"template":"","format":"standard","meta":{"footnotes":""},"categories":[28],"tags":[],"class_list":{"0":"post-10308","1":"post","2":"type-post","3":"status-publish","4":"format-standard","5":"has-post-thumbnail","7":"category-locales"},"aioseo_notices":[],"_links":{"self":[{"href":"https:\/\/lalupa24.com.ar\/index.php\/wp-json\/wp\/v2\/posts\/10308","targetHints":{"allow":["GET"]}}],"collection":[{"href":"https:\/\/lalupa24.com.ar\/index.php\/wp-json\/wp\/v2\/posts"}],"about":[{"href":"https:\/\/lalupa24.com.ar\/index.php\/wp-json\/wp\/v2\/types\/post"}],"author":[{"embeddable":true,"href":"https:\/\/lalupa24.com.ar\/index.php\/wp-json\/wp\/v2\/users\/2"}],"replies":[{"embeddable":true,"href":"https:\/\/lalupa24.com.ar\/index.php\/wp-json\/wp\/v2\/comments?post=10308"}],"version-history":[{"count":1,"href":"https:\/\/lalupa24.com.ar\/index.php\/wp-json\/wp\/v2\/posts\/10308\/revisions"}],"predecessor-version":[{"id":10310,"href":"https:\/\/lalupa24.com.ar\/index.php\/wp-json\/wp\/v2\/posts\/10308\/revisions\/10310"}],"wp:featuredmedia":[{"embeddable":true,"href":"https:\/\/lalupa24.com.ar\/index.php\/wp-json\/wp\/v2\/media\/10309"}],"wp:attachment":[{"href":"https:\/\/lalupa24.com.ar\/index.php\/wp-json\/wp\/v2\/media?parent=10308"}],"wp:term":[{"taxonomy":"category","embeddable":true,"href":"https:\/\/lalupa24.com.ar\/index.php\/wp-json\/wp\/v2\/categories?post=10308"},{"taxonomy":"post_tag","embeddable":true,"href":"https:\/\/lalupa24.com.ar\/index.php\/wp-json\/wp\/v2\/tags?post=10308"}],"curies":[{"name":"wp","href":"https:\/\/api.w.org\/{rel}","templated":true}]}}