{"id":10314,"date":"2025-08-05T16:39:59","date_gmt":"2025-08-05T19:39:59","guid":{"rendered":"https:\/\/lalupa24.com.ar\/?p=10314"},"modified":"2025-08-05T16:40:01","modified_gmt":"2025-08-05T19:40:01","slug":"el-gobierno-comienza-a-pagar-este-viernes-8-de-agosto-los-programas-provinciales","status":"publish","type":"post","link":"https:\/\/lalupa24.com.ar\/index.php\/2025\/08\/05\/el-gobierno-comienza-a-pagar-este-viernes-8-de-agosto-los-programas-provinciales\/","title":{"rendered":"El gobierno comienza a pagar este viernes 8 de agosto los programas provinciales"},"content":{"rendered":"\n<p>El Gobierno del Chaco, a trav\u00e9s del Ministerio de Hacienda y Finanzas, inform\u00f3 el cronograma de pagos de los programas provinciales, que se iniciar\u00e1 este viernes 8 de agosto. *Ese d\u00eda cobrar\u00e1n los beneficiarios de los programas Pueblos Originarios y Expertos,* ambos dependientes del Ministerio de Salud P\u00fablica.<\/p>\n\n\n\n<p>El cronograma continuar\u00e1 *el mi\u00e9rcoles 13 de agosto,* con el pago a los beneficiarios de las Becas M\u00e1s Salud (Salud P\u00fablica) y M\u00e1s Gobierno (Ministerio de Gobierno).<\/p>\n\n\n\n<p>Finalmente, *el jueves 14 de agosto* percibir\u00e1n sus haberes:<br>-M\u00e1s Desarrollo (ex M\u00e1s Inclusi\u00f3n), Ministerio de Desarrollo Humano.<br>-\u00d1achec (ex Renta M\u00ednima Progresiva).<br>-Canillitas (programa de reconversi\u00f3n laboral), Ministerio de Desarrollo Humano.<br>-Servicio de Mantenimiento de Establecimientos Educativos, Ministerio de Educaci\u00f3n.<\/p>\n\n\n\n<p>Desde la cartera econ\u00f3mica, que encabeza Alejandro Abraam, recordaron que los haberes estar\u00e1n depositados en las cuentas del Nuevo Banco del Chaco (NBCH) y podr\u00e1n retirarse a trav\u00e9s de todos los canales electr\u00f3nicos de la entidad financiera.<\/p>\n","protected":false},"excerpt":{"rendered":"<p>El Gobierno del Chaco, a trav\u00e9s del Ministerio de Hacienda y Finanzas, inform\u00f3 el cronograma de pagos de los programas provinciales, que se iniciar\u00e1 este viernes 8 de agosto. *Ese d\u00eda cobrar\u00e1n los beneficiarios de los programas Pueblos Originarios y Expertos,* ambos dependientes del Ministerio de Salud P\u00fablica. El cronograma continuar\u00e1 *el mi\u00e9rcoles 13 de [&hellip;]<\/p>\n","protected":false},"author":2,"featured_media":10315,"comment_status":"open","ping_status":"open","sticky":false,"template":"","format":"standard","meta":{"footnotes":""},"categories":[28],"tags":[],"class_list":{"0":"post-10314","1":"post","2":"type-post","3":"status-publish","4":"format-standard","5":"has-post-thumbnail","7":"category-locales"},"aioseo_notices":[],"_links":{"self":[{"href":"https:\/\/lalupa24.com.ar\/index.php\/wp-json\/wp\/v2\/posts\/10314","targetHints":{"allow":["GET"]}}],"collection":[{"href":"https:\/\/lalupa24.com.ar\/index.php\/wp-json\/wp\/v2\/posts"}],"about":[{"href":"https:\/\/lalupa24.com.ar\/index.php\/wp-json\/wp\/v2\/types\/post"}],"author":[{"embeddable":true,"href":"https:\/\/lalupa24.com.ar\/index.php\/wp-json\/wp\/v2\/users\/2"}],"replies":[{"embeddable":true,"href":"https:\/\/lalupa24.com.ar\/index.php\/wp-json\/wp\/v2\/comments?post=10314"}],"version-history":[{"count":1,"href":"https:\/\/lalupa24.com.ar\/index.php\/wp-json\/wp\/v2\/posts\/10314\/revisions"}],"predecessor-version":[{"id":10316,"href":"https:\/\/lalupa24.com.ar\/index.php\/wp-json\/wp\/v2\/posts\/10314\/revisions\/10316"}],"wp:featuredmedia":[{"embeddable":true,"href":"https:\/\/lalupa24.com.ar\/index.php\/wp-json\/wp\/v2\/media\/10315"}],"wp:attachment":[{"href":"https:\/\/lalupa24.com.ar\/index.php\/wp-json\/wp\/v2\/media?parent=10314"}],"wp:term":[{"taxonomy":"category","embeddable":true,"href":"https:\/\/lalupa24.com.ar\/index.php\/wp-json\/wp\/v2\/categories?post=10314"},{"taxonomy":"post_tag","embeddable":true,"href":"https:\/\/lalupa24.com.ar\/index.php\/wp-json\/wp\/v2\/tags?post=10314"}],"curies":[{"name":"wp","href":"https:\/\/api.w.org\/{rel}","templated":true}]}}