{"id":10323,"date":"2025-08-05T16:48:35","date_gmt":"2025-08-05T19:48:35","guid":{"rendered":"https:\/\/lalupa24.com.ar\/?p=10323"},"modified":"2025-08-05T16:48:37","modified_gmt":"2025-08-05T19:48:37","slug":"el-chaco-sera-sede-del-1o-foro-de-la-region-litoral-y-3o-foro-provincial-de-garantias","status":"publish","type":"post","link":"https:\/\/lalupa24.com.ar\/index.php\/2025\/08\/05\/el-chaco-sera-sede-del-1o-foro-de-la-region-litoral-y-3o-foro-provincial-de-garantias\/","title":{"rendered":"El Chaco ser\u00e1 sede del  1\u00ba foro de la regi\u00f3n litoral y 3\u00ba foro provincial de garant\u00edas"},"content":{"rendered":"\n<p>Autoridades provinciales encabezaron, este martes en el Centro de Convenciones Gala de Resistencia, la apertura&nbsp; del Primer Foro de La Regi\u00f3n Litoral y Tercer Foro Provincial de Garant\u00edas, un espacio para que las peque\u00f1as empresas chaque\u00f1as trasciendan las fronteras provinciales, adem\u00e1s de promover las inversiones de aquellas que est\u00e1n fuera del territorio. Participan representantes de Fondos de Garant\u00edas de Jujuy, La Rioja, Tierra del Fuego, Buenos Aires, Misiones, Entre R\u00edos, Santa Fe y Chaco.<\/p>\n\n\n\n<p>La apertura estuvo a cargo del presidente de Fiduciaria del Norte, Enrique Santos Olivera, quien estuvo acompa\u00f1ado por los ministros de Hacienda Alejandro Abraam y de Producci\u00f3n Oscar Dudik. \u201cEs un orgullo recibir a las pymes de la provincia y a pares de fondos de garant\u00eda de distintas provincias, con los pares de la regi\u00f3n nos propusimos pensar al litoral como \u00e1mbito de desarrollo econ\u00f3mico conjunto y herramientas que desarrollen el comercio intrarregional\u201d, expres\u00f3.&nbsp;<\/p>\n","protected":false},"excerpt":{"rendered":"<p>Autoridades provinciales encabezaron, este martes en el Centro de Convenciones Gala de Resistencia, la apertura&nbsp; del Primer Foro de La Regi\u00f3n Litoral y Tercer Foro Provincial de Garant\u00edas, un espacio para que las peque\u00f1as empresas chaque\u00f1as trasciendan las fronteras provinciales, adem\u00e1s de promover las inversiones de aquellas que est\u00e1n fuera del territorio. Participan representantes de [&hellip;]<\/p>\n","protected":false},"author":2,"featured_media":10324,"comment_status":"open","ping_status":"open","sticky":false,"template":"","format":"standard","meta":{"footnotes":""},"categories":[28],"tags":[],"class_list":{"0":"post-10323","1":"post","2":"type-post","3":"status-publish","4":"format-standard","5":"has-post-thumbnail","7":"category-locales"},"aioseo_notices":[],"_links":{"self":[{"href":"https:\/\/lalupa24.com.ar\/index.php\/wp-json\/wp\/v2\/posts\/10323","targetHints":{"allow":["GET"]}}],"collection":[{"href":"https:\/\/lalupa24.com.ar\/index.php\/wp-json\/wp\/v2\/posts"}],"about":[{"href":"https:\/\/lalupa24.com.ar\/index.php\/wp-json\/wp\/v2\/types\/post"}],"author":[{"embeddable":true,"href":"https:\/\/lalupa24.com.ar\/index.php\/wp-json\/wp\/v2\/users\/2"}],"replies":[{"embeddable":true,"href":"https:\/\/lalupa24.com.ar\/index.php\/wp-json\/wp\/v2\/comments?post=10323"}],"version-history":[{"count":1,"href":"https:\/\/lalupa24.com.ar\/index.php\/wp-json\/wp\/v2\/posts\/10323\/revisions"}],"predecessor-version":[{"id":10325,"href":"https:\/\/lalupa24.com.ar\/index.php\/wp-json\/wp\/v2\/posts\/10323\/revisions\/10325"}],"wp:featuredmedia":[{"embeddable":true,"href":"https:\/\/lalupa24.com.ar\/index.php\/wp-json\/wp\/v2\/media\/10324"}],"wp:attachment":[{"href":"https:\/\/lalupa24.com.ar\/index.php\/wp-json\/wp\/v2\/media?parent=10323"}],"wp:term":[{"taxonomy":"category","embeddable":true,"href":"https:\/\/lalupa24.com.ar\/index.php\/wp-json\/wp\/v2\/categories?post=10323"},{"taxonomy":"post_tag","embeddable":true,"href":"https:\/\/lalupa24.com.ar\/index.php\/wp-json\/wp\/v2\/tags?post=10323"}],"curies":[{"name":"wp","href":"https:\/\/api.w.org\/{rel}","templated":true}]}}