{"id":10335,"date":"2025-08-05T17:08:20","date_gmt":"2025-08-05T20:08:20","guid":{"rendered":"https:\/\/lalupa24.com.ar\/?p=10335"},"modified":"2025-08-05T17:13:24","modified_gmt":"2025-08-05T20:13:24","slug":"10335","status":"publish","type":"post","link":"https:\/\/lalupa24.com.ar\/index.php\/2025\/08\/05\/10335\/","title":{"rendered":"La ANAC convoc\u00f3 al gremio de pilotos a\u00e9reos ante la amenaza de nuevos paros"},"content":{"rendered":"\n<p>Oscar Alfredo Villabona, titular de la Administraci\u00f3n Nacional de Aviaci\u00f3n Civil (ANAC), envi\u00f3 un pedido de reuni\u00f3n formal a\u00a0Sebasti\u00e1n Olivera Jim\u00e9nez, secretario de Seguridad A\u00e9rea y Desarrollo Profesional de la Asociaci\u00f3n de Pilotos de L\u00edneas A\u00e9reas (APLA), luego de que el gremio amenazara con\u00a0retomar las medidas de fuerza para manifestarse contra las modificaciones que introdujo el Decreto 378\/2025\u00a0-que introduce cambios en tiempos de vuelo y descanso-.<\/p>\n\n\n\n<p>\u201cSr. Olivera Jim\u00e9nez, me dirijo a usted en mi car\u00e1cter de Administrador Nacional de Aviaci\u00f3n Civil con el fin de convocarlo a una reuni\u00f3n formal para tratar aspectos vinculados a la implementaci\u00f3n del Decreto N.\u00ba 378\/2025. La reuni\u00f3n se llevar\u00e1 a cabo el d\u00eda 6 de agosto en la Sede Central de ANAC. Agradecer\u00e9 tenga a bien confirmar su participaci\u00f3n\u201d, reza el documento emitido desde la Secretar\u00eda de Transporte&nbsp;<\/p>\n\n\n\n<p>Horas antes,\u00a0APLA hab\u00eda advertido que,\u00a0una vez que venciera la conciliaci\u00f3n obligatoria\u00a0a partir del 8 de agosto, reactivar\u00eda las protestas gremiales.\u00a0En un comunicado que difundieron v\u00eda redes sociales dijeron que desde el 16 de julio pasado, cuando la Secretar\u00eda de Trabajo, Empleo y Seguridad Social dict\u00f3 la conciliaci\u00f3n obligatoria,\u00a0no hab\u00edan recibido convocatorias por parte del Gobierno para tratar la cuesti\u00f3n planteada.<\/p>\n\n\n\n<p>\u201cEn este sentido, les hacemos saber que, a partir del 8 de agosto, una vez concluido el plazo perentorio de la conciliaci\u00f3n obligatoria, estamos en condiciones de retomar las medidas de fuerza necesarias para continuar con nuestro leg\u00edtimo reclamo contra el Decreto 378\/2025\u201d, anticiparon y destacaron la \u201cirresponsabilidad del Gobierno\u201d ante tal incumplimiento, \u201cdemostrando nuevamente serias incompetencias para abordar un conflicto de gran magnitud y la continua improvisaci\u00f3n de medidas que emparchan, pero no resuelven el problema de fondo\u201d.<\/p>\n\n\n\n<p>\u201cReiteramos que la implementaci\u00f3n de este decreto representa un riesgo para la seguridad a\u00e9rea y responsabilizamos a las autoridades por las consecuencias de su implementaci\u00f3n. Desde APLA, seguiremos el plan de medidas sindicales hasta que el Gobierno comprenda la urgente necesidad de declarar la nulidad del Decreto 378\/2025\u201d, cerraron.<\/p>\n","protected":false},"excerpt":{"rendered":"<p>Oscar Alfredo Villabona, titular de la Administraci\u00f3n Nacional de Aviaci\u00f3n Civil (ANAC), envi\u00f3 un pedido de reuni\u00f3n formal a\u00a0Sebasti\u00e1n Olivera Jim\u00e9nez, secretario de Seguridad A\u00e9rea y Desarrollo Profesional de la Asociaci\u00f3n de Pilotos de L\u00edneas A\u00e9reas (APLA), luego de que el gremio amenazara con\u00a0retomar las medidas de fuerza para manifestarse contra las modificaciones que introdujo [&hellip;]<\/p>\n","protected":false},"author":2,"featured_media":10336,"comment_status":"open","ping_status":"open","sticky":false,"template":"","format":"standard","meta":{"footnotes":""},"categories":[26],"tags":[],"class_list":{"0":"post-10335","1":"post","2":"type-post","3":"status-publish","4":"format-standard","5":"has-post-thumbnail","7":"category-nacionales"},"aioseo_notices":[],"_links":{"self":[{"href":"https:\/\/lalupa24.com.ar\/index.php\/wp-json\/wp\/v2\/posts\/10335","targetHints":{"allow":["GET"]}}],"collection":[{"href":"https:\/\/lalupa24.com.ar\/index.php\/wp-json\/wp\/v2\/posts"}],"about":[{"href":"https:\/\/lalupa24.com.ar\/index.php\/wp-json\/wp\/v2\/types\/post"}],"author":[{"embeddable":true,"href":"https:\/\/lalupa24.com.ar\/index.php\/wp-json\/wp\/v2\/users\/2"}],"replies":[{"embeddable":true,"href":"https:\/\/lalupa24.com.ar\/index.php\/wp-json\/wp\/v2\/comments?post=10335"}],"version-history":[{"count":2,"href":"https:\/\/lalupa24.com.ar\/index.php\/wp-json\/wp\/v2\/posts\/10335\/revisions"}],"predecessor-version":[{"id":10338,"href":"https:\/\/lalupa24.com.ar\/index.php\/wp-json\/wp\/v2\/posts\/10335\/revisions\/10338"}],"wp:featuredmedia":[{"embeddable":true,"href":"https:\/\/lalupa24.com.ar\/index.php\/wp-json\/wp\/v2\/media\/10336"}],"wp:attachment":[{"href":"https:\/\/lalupa24.com.ar\/index.php\/wp-json\/wp\/v2\/media?parent=10335"}],"wp:term":[{"taxonomy":"category","embeddable":true,"href":"https:\/\/lalupa24.com.ar\/index.php\/wp-json\/wp\/v2\/categories?post=10335"},{"taxonomy":"post_tag","embeddable":true,"href":"https:\/\/lalupa24.com.ar\/index.php\/wp-json\/wp\/v2\/tags?post=10335"}],"curies":[{"name":"wp","href":"https:\/\/api.w.org\/{rel}","templated":true}]}}