{"id":10364,"date":"2025-08-06T08:54:55","date_gmt":"2025-08-06T11:54:55","guid":{"rendered":"https:\/\/lalupa24.com.ar\/?p=10364"},"modified":"2025-08-06T08:54:57","modified_gmt":"2025-08-06T11:54:57","slug":"inscripciones-abiertas-para-el-examen-de-registro-de-mediadores","status":"publish","type":"post","link":"https:\/\/lalupa24.com.ar\/index.php\/2025\/08\/06\/inscripciones-abiertas-para-el-examen-de-registro-de-mediadores\/","title":{"rendered":"Inscripciones abiertas para el examen de registro de mediadores"},"content":{"rendered":"\n<p>La fecha de inscripci\u00f3n es del 11 al 29 de agosto y las solicitudes se recibir\u00e1n en la Subsecretaria de Justicia, dependiente del Ministerio de Gobierno, ubicada en el cuarto piso, oficina 13, de Casa de Gobierno, sito en calle Marcelo T. de Alvear 145, de lunes a viernes de 8 a 12 hs.<\/p>\n\n\n\n<p>El Ministerio de Gobierno, Justicia, Trabajo y Derechos Humanos convoca a los aspirantes a matricularse en el Registro de Mediadores de la Provincia del Chaco, para ello deber\u00e1n inscribirse para rendir el examen de idoneidad establecido en el art\u00edculo 41 inciso A) del Decreto Reglamentario n\u00famero 1884\/21.<\/p>\n\n\n\n<p>El examen se llevar\u00e1 a cabo el d\u00eda 19 de septiembre a las 15, en el Consejo de la Magistratura y Jurado de Enjuiciamiento Provincia del Chaco ubicado en la calle Am\u00e9rica 117.<\/p>\n\n\n\n<p>\u201cEstamos avanzando con las pol\u00edticas de acceso a justicia de la provincia del Chaco y las funciones de este Ministerio, corresponde fijar la fecha y el programa para el examen de idoneidad que deber\u00e1n rendir quienes aspiren a inscribirse en el Registro de Mediadores, as\u00ed como el periodo de inscripci\u00f3n al examen\u201d expres\u00f3 el ministro de Gobierno, Jorge G\u00f3mez, y agreg\u00f3: \u201ceste examen tiene como fin, el de permitir una mayor participaci\u00f3n ciudadana en la gesti\u00f3n y soluci\u00f3n de las controversias, cobran relevancia los mecanismos alternativos y adecuados de resoluci\u00f3n de conflictos como la mediaci\u00f3n\u201d<br>La Ley 3323-C \u201cIntegral de Mediaci\u00f3n\u201d, establece en su art\u00edculo 2 que la mediaci\u00f3n podr\u00e1 ser extrajudicial o judicial, y constituye un procedimiento voluntario, no adversarial en el que un tercero neutral, facilita que las partes arriben consensuadamente a la soluci\u00f3n de su conflicto. El mediador es quien cumple el rol fundamental de ayudar a las personas a identificar las cuestiones en las que discrepan, a descubrir las necesidades ocultas, a generar posibles soluciones y a tomar decisiones bien informadas.<br>Cabe destacar que, en la provincia del Chaco, es necesario matricularse en el Registro habilitado a tal fin para desempe\u00f1arse como mediador, cumpliendo con los requisitos previstos en el art\u00edculo 41 de la citada ley y de su decreto reglamentario 1884\/21.<\/p>\n\n\n\n<p>Requisitos<\/p>\n\n\n\n<p>Los requisitos para la inscripci\u00f3n en el Registro de Mediadores son:<br>1) Acreditar haber completado la capacitaci\u00f3n b\u00e1sica de mediaci\u00f3n exigida por el Ministerio de Justicia y Derechos Humanos de la Naci\u00f3n, mediante certificaci\u00f3n o constancia expedida por ese Ministerio o instituci\u00f3n habilitada e inscripta en el mismo.<br>2) Acreditar domicilio en la provincia.<br>3) Disponer de oficinas, que permitan un correcto desarrollo del tr\u00e1mite de mediaci\u00f3n, con cantidad de ambientes suficientes para la celebraci\u00f3n de las sesiones conjuntas o privadas y dem\u00e1s actuaciones propias de procedimiento.<br>4) T\u00edtulo universitario para desempe\u00f1arse como mediador judicial;<br>5) T\u00edtulo secundario para desempe\u00f1arse como mediador extrajudicial. El Ministerio de Gobierno establecer\u00e1 la forma con las que se acreditar\u00e1n los requisitos exigidos para la matriculaci\u00f3n, como tambi\u00e9n las formalidades relacionadas con la acreditaci\u00f3n de la capacitaci\u00f3n continua de los mediadores matriculados en su Registro, como as\u00ed el procedimiento de habilitaci\u00f3n, supervisi\u00f3n y fomento de centros de mediaci\u00f3n institucionales o privados.<br>6) presentar Certificado de Conducta Provincial<\/p>\n","protected":false},"excerpt":{"rendered":"<p>La fecha de inscripci\u00f3n es del 11 al 29 de agosto y las solicitudes se recibir\u00e1n en la Subsecretaria de Justicia, dependiente del Ministerio de Gobierno, ubicada en el cuarto piso, oficina 13, de Casa de Gobierno, sito en calle Marcelo T. de Alvear 145, de lunes a viernes de 8 a 12 hs. El [&hellip;]<\/p>\n","protected":false},"author":2,"featured_media":10365,"comment_status":"open","ping_status":"open","sticky":false,"template":"","format":"standard","meta":{"footnotes":""},"categories":[28],"tags":[],"class_list":{"0":"post-10364","1":"post","2":"type-post","3":"status-publish","4":"format-standard","5":"has-post-thumbnail","7":"category-locales"},"aioseo_notices":[],"_links":{"self":[{"href":"https:\/\/lalupa24.com.ar\/index.php\/wp-json\/wp\/v2\/posts\/10364","targetHints":{"allow":["GET"]}}],"collection":[{"href":"https:\/\/lalupa24.com.ar\/index.php\/wp-json\/wp\/v2\/posts"}],"about":[{"href":"https:\/\/lalupa24.com.ar\/index.php\/wp-json\/wp\/v2\/types\/post"}],"author":[{"embeddable":true,"href":"https:\/\/lalupa24.com.ar\/index.php\/wp-json\/wp\/v2\/users\/2"}],"replies":[{"embeddable":true,"href":"https:\/\/lalupa24.com.ar\/index.php\/wp-json\/wp\/v2\/comments?post=10364"}],"version-history":[{"count":1,"href":"https:\/\/lalupa24.com.ar\/index.php\/wp-json\/wp\/v2\/posts\/10364\/revisions"}],"predecessor-version":[{"id":10366,"href":"https:\/\/lalupa24.com.ar\/index.php\/wp-json\/wp\/v2\/posts\/10364\/revisions\/10366"}],"wp:featuredmedia":[{"embeddable":true,"href":"https:\/\/lalupa24.com.ar\/index.php\/wp-json\/wp\/v2\/media\/10365"}],"wp:attachment":[{"href":"https:\/\/lalupa24.com.ar\/index.php\/wp-json\/wp\/v2\/media?parent=10364"}],"wp:term":[{"taxonomy":"category","embeddable":true,"href":"https:\/\/lalupa24.com.ar\/index.php\/wp-json\/wp\/v2\/categories?post=10364"},{"taxonomy":"post_tag","embeddable":true,"href":"https:\/\/lalupa24.com.ar\/index.php\/wp-json\/wp\/v2\/tags?post=10364"}],"curies":[{"name":"wp","href":"https:\/\/api.w.org\/{rel}","templated":true}]}}