{"id":10370,"date":"2025-08-06T13:10:58","date_gmt":"2025-08-06T16:10:58","guid":{"rendered":"https:\/\/lalupa24.com.ar\/?p=10370"},"modified":"2025-08-06T13:10:59","modified_gmt":"2025-08-06T16:10:59","slug":"japon-conmemoro-el-80-aniversario-de-la-bomba-atomica","status":"publish","type":"post","link":"https:\/\/lalupa24.com.ar\/index.php\/2025\/08\/06\/japon-conmemoro-el-80-aniversario-de-la-bomba-atomica\/","title":{"rendered":"Jap\u00f3n conmemor\u00f3 el 80\u00b0 aniversario de la bomba at\u00f3mica"},"content":{"rendered":"\n<p>Hubo conmemoraci\u00f3n oficial y protesta popular.<\/p>\n\n\n\n<p>La ciudad japonesa de Hiroshima celebr\u00f3 este mi\u00e9rcoles una ceremonia en el Parque Conmemorativo de la Paz para rememorar el 80\u00ba aniversario del bombardeo at\u00f3mico.<\/p>\n\n\n\n<p>Mientras tanto, los ciudadanos se congregaron en la C\u00fapula de la Bomba At\u00f3mica de Hiroshima para criticar las pol\u00edticas gubernamentales de desarrollo militar.<\/p>\n\n\n\n<p>Desde el martes por la noche, grandes multitudes se reunieron en el lugar del bombardeo, portando pancartas que dec\u00edan \u201cLa alianza Jap\u00f3n-Estados Unidos es una alianza de guerra\u201d y \u201cAlto a la guerra nuclear\u201d, expresando su profunda preocupaci\u00f3n por el continuo desarrollo militar de Jap\u00f3n y pidiendo esfuerzos concretos para evitar que se repitan guerras pasadas.<\/p>\n\n\n\n<p>Yasuhiro Ikkanda, co-representante del organizador de la protesta y descendiente de v\u00edctimas de la bomba at\u00f3mica, declar\u00f3 a la prensa que el gobierno japon\u00e9s est\u00e1 aumentando cada vez m\u00e1s su presupuesto de defensa, realizando ejercicios militares a gran escala con Estados Unidos e incluso explorando el controvertido concepto de \u201ccompartir armas nucleares\u201d.<\/p>\n\n\n\n<p>A\u00f1adi\u00f3 que estas acciones constituyen una grave desviaci\u00f3n de la constituci\u00f3n pacifista de Jap\u00f3n y enfatiz\u00f3: \u201cLa tragedia de Hiroshima no debe olvidarse. El gobierno debe esforzarse por lograr una paz genuina\u201d.<\/p>\n\n\n\n<p>El primer ministro japon\u00e9s, Shigeru Ishiba, en su intervenci\u00f3n en la ceremonia, reafirm\u00f3 el compromiso de Jap\u00f3n con sus Tres Principios No Nucleares.<\/p>\n\n\n\n<p>El alcalde de Hiroshima, Kazumi Matsui, inst\u00f3 al p\u00fablico a recordar la devastaci\u00f3n nuclear y a promover los ideales de paz.<\/p>\n\n\n\n<p>Sin embargo, ninguno de ellos mencion\u00f3 el contexto hist\u00f3rico del bombardeo de Hiroshima, seg\u00fan el texto de un cable que public\u00f3 la agencia de noticias Xinhua.<\/p>\n\n\n\n<p>El 6 y el 9 de agosto de 1945, Estados Unidos lanz\u00f3 bombas at\u00f3micas sobre Hiroshima y Nagasaki, respectivamente, para acelerar la rendici\u00f3n de Jap\u00f3n en la Segunda Guerra Mundial.<\/p>\n\n\n\n<p>Durante d\u00e9cadas, el gobierno japon\u00e9s evit\u00f3 reconocer su papel en la guerra de agresi\u00f3n, present\u00e1ndose principalmente como v\u00edctima de los bombardeos at\u00f3micos, con escasa menci\u00f3n del contexto hist\u00f3rico y el sufrimiento que infligi\u00f3 &nbsp;a China y otros pa\u00edses asi\u00e1ticos durante la Segunda Guerra Mundial.<\/p>\n","protected":false},"excerpt":{"rendered":"<p>Hubo conmemoraci\u00f3n oficial y protesta popular. La ciudad japonesa de Hiroshima celebr\u00f3 este mi\u00e9rcoles una ceremonia en el Parque Conmemorativo de la Paz para rememorar el 80\u00ba aniversario del bombardeo at\u00f3mico. Mientras tanto, los ciudadanos se congregaron en la C\u00fapula de la Bomba At\u00f3mica de Hiroshima para criticar las pol\u00edticas gubernamentales de desarrollo militar. Desde [&hellip;]<\/p>\n","protected":false},"author":11,"featured_media":10371,"comment_status":"open","ping_status":"open","sticky":false,"template":"","format":"standard","meta":{"footnotes":""},"categories":[25],"tags":[],"class_list":{"0":"post-10370","1":"post","2":"type-post","3":"status-publish","4":"format-standard","5":"has-post-thumbnail","7":"category-internacionales"},"aioseo_notices":[],"_links":{"self":[{"href":"https:\/\/lalupa24.com.ar\/index.php\/wp-json\/wp\/v2\/posts\/10370","targetHints":{"allow":["GET"]}}],"collection":[{"href":"https:\/\/lalupa24.com.ar\/index.php\/wp-json\/wp\/v2\/posts"}],"about":[{"href":"https:\/\/lalupa24.com.ar\/index.php\/wp-json\/wp\/v2\/types\/post"}],"author":[{"embeddable":true,"href":"https:\/\/lalupa24.com.ar\/index.php\/wp-json\/wp\/v2\/users\/11"}],"replies":[{"embeddable":true,"href":"https:\/\/lalupa24.com.ar\/index.php\/wp-json\/wp\/v2\/comments?post=10370"}],"version-history":[{"count":1,"href":"https:\/\/lalupa24.com.ar\/index.php\/wp-json\/wp\/v2\/posts\/10370\/revisions"}],"predecessor-version":[{"id":10372,"href":"https:\/\/lalupa24.com.ar\/index.php\/wp-json\/wp\/v2\/posts\/10370\/revisions\/10372"}],"wp:featuredmedia":[{"embeddable":true,"href":"https:\/\/lalupa24.com.ar\/index.php\/wp-json\/wp\/v2\/media\/10371"}],"wp:attachment":[{"href":"https:\/\/lalupa24.com.ar\/index.php\/wp-json\/wp\/v2\/media?parent=10370"}],"wp:term":[{"taxonomy":"category","embeddable":true,"href":"https:\/\/lalupa24.com.ar\/index.php\/wp-json\/wp\/v2\/categories?post=10370"},{"taxonomy":"post_tag","embeddable":true,"href":"https:\/\/lalupa24.com.ar\/index.php\/wp-json\/wp\/v2\/tags?post=10370"}],"curies":[{"name":"wp","href":"https:\/\/api.w.org\/{rel}","templated":true}]}}