{"id":10407,"date":"2025-08-07T13:08:00","date_gmt":"2025-08-07T16:08:00","guid":{"rendered":"https:\/\/lalupa24.com.ar\/?p=10407"},"modified":"2025-08-08T01:11:01","modified_gmt":"2025-08-08T04:11:01","slug":"provincia-y-la-municipalidad-anunciaron-la-agenda-por-el-mes-de-las-infancias","status":"publish","type":"post","link":"https:\/\/lalupa24.com.ar\/index.php\/2025\/08\/07\/provincia-y-la-municipalidad-anunciaron-la-agenda-por-el-mes-de-las-infancias\/","title":{"rendered":"Provincia y la municipalidad anunciaron la agenda por el mes de las infancias"},"content":{"rendered":"\n<p>La iniciativa comenzar\u00e1 este s\u00e1bado 9 de agosto, a las 14 Hs, en el Paseo Sur (Av. Belgrano y Falucho), continuar\u00e1 el domingo 10 en Chacra 24 (Juana Zurduy y Fuerte Esperanza), y culminar\u00e1 el 31 de agosto con el gran festejo central en el Parque de la Laguna Arg\u00fcello<\/p>\n\n\n\n<p>El gobierno Provincial y la Municipalidad de Resistencia, anunciaron una variada agenda de actividades para celebrar el Mes de las Infancias, con propuestas l\u00fadicas, culturales y deportivas que se desarrollar\u00e1n en diferentes espacios p\u00fablicos de la ciudad. Las actividades est\u00e1n enmarcadas en el programa provincial \u201cMis derechos, tus derechos\u201d, destinado a promover el bienestar los ni\u00f1os y sus familias.<br>Durante las jornadas habr\u00e1 actividades l\u00fadicas, art\u00edsticas, deportivas, talleres recreativos y ferias de emprendedores, promoviendo el uso de plazas y espacios verdes como puntos de encuentro para toda la comunidad. El anuncio fue realizado por la subsecretaria de Econom\u00eda y Pol\u00edticas Sociales del Ministerio de Desarrollo Humano, Carla Cantero, y el secretario de Gobierno de Resistencia, Emilio Varisco.<br>\u201cSe busca llegar a cada ni\u00f1o del territorio chaque\u00f1o, sin importar donde habiten\u201d, expres\u00f3 Cantero, destacando el enfoque inclusivo de la propuesta.<br>Por su parte, Varisco remarc\u00f3 que \u201cel objetivo es tambi\u00e9n promocionar los espacios p\u00fablicos como lugares de encuentro y esparcimiento para toda la familia\u201d.<\/p>\n","protected":false},"excerpt":{"rendered":"<p>La iniciativa comenzar\u00e1 este s\u00e1bado 9 de agosto, a las 14 Hs, en el Paseo Sur (Av. Belgrano y Falucho), continuar\u00e1 el domingo 10 en Chacra 24 (Juana Zurduy y Fuerte Esperanza), y culminar\u00e1 el 31 de agosto con el gran festejo central en el Parque de la Laguna Arg\u00fcello El gobierno Provincial y la [&hellip;]<\/p>\n","protected":false},"author":2,"featured_media":10408,"comment_status":"open","ping_status":"open","sticky":false,"template":"","format":"standard","meta":{"footnotes":""},"categories":[28],"tags":[],"class_list":{"0":"post-10407","1":"post","2":"type-post","3":"status-publish","4":"format-standard","5":"has-post-thumbnail","7":"category-locales"},"aioseo_notices":[],"_links":{"self":[{"href":"https:\/\/lalupa24.com.ar\/index.php\/wp-json\/wp\/v2\/posts\/10407","targetHints":{"allow":["GET"]}}],"collection":[{"href":"https:\/\/lalupa24.com.ar\/index.php\/wp-json\/wp\/v2\/posts"}],"about":[{"href":"https:\/\/lalupa24.com.ar\/index.php\/wp-json\/wp\/v2\/types\/post"}],"author":[{"embeddable":true,"href":"https:\/\/lalupa24.com.ar\/index.php\/wp-json\/wp\/v2\/users\/2"}],"replies":[{"embeddable":true,"href":"https:\/\/lalupa24.com.ar\/index.php\/wp-json\/wp\/v2\/comments?post=10407"}],"version-history":[{"count":1,"href":"https:\/\/lalupa24.com.ar\/index.php\/wp-json\/wp\/v2\/posts\/10407\/revisions"}],"predecessor-version":[{"id":10409,"href":"https:\/\/lalupa24.com.ar\/index.php\/wp-json\/wp\/v2\/posts\/10407\/revisions\/10409"}],"wp:featuredmedia":[{"embeddable":true,"href":"https:\/\/lalupa24.com.ar\/index.php\/wp-json\/wp\/v2\/media\/10408"}],"wp:attachment":[{"href":"https:\/\/lalupa24.com.ar\/index.php\/wp-json\/wp\/v2\/media?parent=10407"}],"wp:term":[{"taxonomy":"category","embeddable":true,"href":"https:\/\/lalupa24.com.ar\/index.php\/wp-json\/wp\/v2\/categories?post=10407"},{"taxonomy":"post_tag","embeddable":true,"href":"https:\/\/lalupa24.com.ar\/index.php\/wp-json\/wp\/v2\/tags?post=10407"}],"curies":[{"name":"wp","href":"https:\/\/api.w.org\/{rel}","templated":true}]}}