{"id":10443,"date":"2025-08-09T09:16:37","date_gmt":"2025-08-09T12:16:37","guid":{"rendered":"https:\/\/lalupa24.com.ar\/?p=10443"},"modified":"2025-08-11T09:18:23","modified_gmt":"2025-08-11T12:18:23","slug":"inicia-el-operativo-interfluvio-chaqueno-n128-con-articulacion-nacional-y-provincial-en-el-impenetrable","status":"publish","type":"post","link":"https:\/\/lalupa24.com.ar\/index.php\/2025\/08\/09\/inicia-el-operativo-interfluvio-chaqueno-n128-con-articulacion-nacional-y-provincial-en-el-impenetrable\/","title":{"rendered":"Inicia el operativo interfluvio chaque\u00f1o n\u00b0128 con articulaci\u00f3n nacional y provincial en el Impenetrable"},"content":{"rendered":"\n<p>La ministra de Desarrollo Humano, Gabriela Galarza, confirm\u00f3 que \u201cla semana pr\u00f3xima dar\u00e1 inicio el Operativo Interfluvio Chaque\u00f1o N\u00b0 128, desarrollado en forma conjunta entre los Gobiernos Nacional y Provincial\u201d.<strong><br><\/strong><br>Las acciones en El Impenetrable ser\u00e1n llevadas adelante por equipos del Ministerio de Desarrollo Humano, en coordinaci\u00f3n con referentes de \u00d1achec y efectivos del Ej\u00e9rcito Argentino, quienes se desplegar\u00e1n en el territorio para efectuar las entregas correspondientes a las familias previamente asignadas.<br>El operativo se desarrollar\u00e1 durante 5 d\u00edas, en turnos matutinos y vespertinos.<\/p>\n\n\n\n<p>Por \u00faltimo, la ministra Galarza remarc\u00f3 que \u201cSe solicita a la poblaci\u00f3n permanecer en sus parajes y localidades de residencia, a fin de optimizar la organizaci\u00f3n y garantizar la atenci\u00f3n directa a las personas destinatarias de este operativo\u201d.<\/p>\n","protected":false},"excerpt":{"rendered":"<p>La ministra de Desarrollo Humano, Gabriela Galarza, confirm\u00f3 que \u201cla semana pr\u00f3xima dar\u00e1 inicio el Operativo Interfluvio Chaque\u00f1o N\u00b0 128, desarrollado en forma conjunta entre los Gobiernos Nacional y Provincial\u201d.Las acciones en El Impenetrable ser\u00e1n llevadas adelante por equipos del Ministerio de Desarrollo Humano, en coordinaci\u00f3n con referentes de \u00d1achec y efectivos del Ej\u00e9rcito Argentino, [&hellip;]<\/p>\n","protected":false},"author":2,"featured_media":10444,"comment_status":"open","ping_status":"open","sticky":false,"template":"","format":"standard","meta":{"footnotes":""},"categories":[27],"tags":[],"class_list":{"0":"post-10443","1":"post","2":"type-post","3":"status-publish","4":"format-standard","5":"has-post-thumbnail","7":"category-interior"},"aioseo_notices":[],"_links":{"self":[{"href":"https:\/\/lalupa24.com.ar\/index.php\/wp-json\/wp\/v2\/posts\/10443","targetHints":{"allow":["GET"]}}],"collection":[{"href":"https:\/\/lalupa24.com.ar\/index.php\/wp-json\/wp\/v2\/posts"}],"about":[{"href":"https:\/\/lalupa24.com.ar\/index.php\/wp-json\/wp\/v2\/types\/post"}],"author":[{"embeddable":true,"href":"https:\/\/lalupa24.com.ar\/index.php\/wp-json\/wp\/v2\/users\/2"}],"replies":[{"embeddable":true,"href":"https:\/\/lalupa24.com.ar\/index.php\/wp-json\/wp\/v2\/comments?post=10443"}],"version-history":[{"count":1,"href":"https:\/\/lalupa24.com.ar\/index.php\/wp-json\/wp\/v2\/posts\/10443\/revisions"}],"predecessor-version":[{"id":10445,"href":"https:\/\/lalupa24.com.ar\/index.php\/wp-json\/wp\/v2\/posts\/10443\/revisions\/10445"}],"wp:featuredmedia":[{"embeddable":true,"href":"https:\/\/lalupa24.com.ar\/index.php\/wp-json\/wp\/v2\/media\/10444"}],"wp:attachment":[{"href":"https:\/\/lalupa24.com.ar\/index.php\/wp-json\/wp\/v2\/media?parent=10443"}],"wp:term":[{"taxonomy":"category","embeddable":true,"href":"https:\/\/lalupa24.com.ar\/index.php\/wp-json\/wp\/v2\/categories?post=10443"},{"taxonomy":"post_tag","embeddable":true,"href":"https:\/\/lalupa24.com.ar\/index.php\/wp-json\/wp\/v2\/tags?post=10443"}],"curies":[{"name":"wp","href":"https:\/\/api.w.org\/{rel}","templated":true}]}}