{"id":10463,"date":"2025-08-10T09:31:39","date_gmt":"2025-08-10T12:31:39","guid":{"rendered":"https:\/\/lalupa24.com.ar\/?p=10463"},"modified":"2025-08-11T09:39:40","modified_gmt":"2025-08-11T12:39:40","slug":"en-el-80-aniversario-de-las-garcitas-zdero-inauguro-las-refacciones-integrales-del-registro-civil","status":"publish","type":"post","link":"https:\/\/lalupa24.com.ar\/index.php\/2025\/08\/10\/en-el-80-aniversario-de-las-garcitas-zdero-inauguro-las-refacciones-integrales-del-registro-civil\/","title":{"rendered":"En el 80\u00b0 aniversario de las Garcitas, Zdero inauguro las refacciones integrales del registro civil"},"content":{"rendered":"\n<p>En el marco de los festejos por el 80\u00b0 aniversario de Las Garcitas, el gobernador Leandro Zdero habilit\u00f3, este domingo, junto al ministro de Gobierno, Jorge G\u00f3mez y al intendente Sergio Dolce, las obras de refacci\u00f3n integral del Registro Civil, reafirmando el compromiso del Ejecutivo provincial de mejorar la infraestructura y calidad de los servicios esenciales para los chaque\u00f1os.<\/p>\n\n\n\n<p>En este sentido, el Gobernador Zdero manifest\u00f3: \u201cTodas estas acciones se hacen con la decisi\u00f3n pol\u00edtica de trabajar codo a codo. En estos tiempos tenemos que trabajar todos juntos para construir un Chaco pujante y transformador\u201d.<br>Los trabajos incluyeron tareas de impermeabilizaci\u00f3n, reparaci\u00f3n estructural, ajuste de aberturas, instalaci\u00f3n de un nuevo portal institucional con iluminaci\u00f3n propia y mejoras en la cubierta para evitar filtraciones, garantizando as\u00ed un entorno seguro y funcional. Adem\u00e1s, el organismo recibi\u00f3 equipamiento nuevo \u2014una impresora y una fotocopiadora\u2014 para optimizar la atenci\u00f3n al p\u00fablico.<br>Por su parte, el intendente de Las Garcitas, Sergio Dolce, agradeci\u00f3 al Gobernador por las obras y subray\u00f3 el valor de la colaboraci\u00f3n institucional: \u201cEsto es ejemplo de lo que se puede lograr si trabajamos juntos, dejando de lado las diferencias, sin mezclar la pol\u00edtica, la religi\u00f3n o lo econ\u00f3mico y as\u00ed, podemos estar presentes en los momentos m\u00e1s dif\u00edciles\u201d.<br>Por \u00faltimo, la jefa a cargo del Registro Civil, Stella Maris Z\u00e1rate, expres\u00f3 tambi\u00e9n su agradecimiento: \u201cMuy contenta por el embellecimiento de la instituci\u00f3n. Ayudar\u00e1 mucho a la comunidad ya que el Registro Civil es fundamental por la cantidad de tr\u00e1mites que se realizan\u201d.<br>Participaron del acto el ministro de Gobierno, Justicia, Trabajo y Derechos Humanos, Jorge G\u00f3mez, la subsecretaria de Asuntos Registrales, Mar\u00eda de las Mercedes Marinich y vecinos de la zona.<\/p>\n","protected":false},"excerpt":{"rendered":"<p>En el marco de los festejos por el 80\u00b0 aniversario de Las Garcitas, el gobernador Leandro Zdero habilit\u00f3, este domingo, junto al ministro de Gobierno, Jorge G\u00f3mez y al intendente Sergio Dolce, las obras de refacci\u00f3n integral del Registro Civil, reafirmando el compromiso del Ejecutivo provincial de mejorar la infraestructura y calidad de los servicios [&hellip;]<\/p>\n","protected":false},"author":2,"featured_media":10464,"comment_status":"open","ping_status":"open","sticky":false,"template":"","format":"standard","meta":{"footnotes":""},"categories":[27],"tags":[],"class_list":{"0":"post-10463","1":"post","2":"type-post","3":"status-publish","4":"format-standard","5":"has-post-thumbnail","7":"category-interior"},"aioseo_notices":[],"_links":{"self":[{"href":"https:\/\/lalupa24.com.ar\/index.php\/wp-json\/wp\/v2\/posts\/10463","targetHints":{"allow":["GET"]}}],"collection":[{"href":"https:\/\/lalupa24.com.ar\/index.php\/wp-json\/wp\/v2\/posts"}],"about":[{"href":"https:\/\/lalupa24.com.ar\/index.php\/wp-json\/wp\/v2\/types\/post"}],"author":[{"embeddable":true,"href":"https:\/\/lalupa24.com.ar\/index.php\/wp-json\/wp\/v2\/users\/2"}],"replies":[{"embeddable":true,"href":"https:\/\/lalupa24.com.ar\/index.php\/wp-json\/wp\/v2\/comments?post=10463"}],"version-history":[{"count":1,"href":"https:\/\/lalupa24.com.ar\/index.php\/wp-json\/wp\/v2\/posts\/10463\/revisions"}],"predecessor-version":[{"id":10465,"href":"https:\/\/lalupa24.com.ar\/index.php\/wp-json\/wp\/v2\/posts\/10463\/revisions\/10465"}],"wp:featuredmedia":[{"embeddable":true,"href":"https:\/\/lalupa24.com.ar\/index.php\/wp-json\/wp\/v2\/media\/10464"}],"wp:attachment":[{"href":"https:\/\/lalupa24.com.ar\/index.php\/wp-json\/wp\/v2\/media?parent=10463"}],"wp:term":[{"taxonomy":"category","embeddable":true,"href":"https:\/\/lalupa24.com.ar\/index.php\/wp-json\/wp\/v2\/categories?post=10463"},{"taxonomy":"post_tag","embeddable":true,"href":"https:\/\/lalupa24.com.ar\/index.php\/wp-json\/wp\/v2\/tags?post=10463"}],"curies":[{"name":"wp","href":"https:\/\/api.w.org\/{rel}","templated":true}]}}