{"id":1047,"date":"2024-04-27T11:04:16","date_gmt":"2024-04-27T14:04:16","guid":{"rendered":"https:\/\/lalupa24.com.ar\/?p=1047"},"modified":"2024-04-27T11:04:17","modified_gmt":"2024-04-27T14:04:17","slug":"zimmermann-ya-analizamos-89-dnu-de-las-administraciones-de-macri-fernandez-y-milei","status":"publish","type":"post","link":"https:\/\/lalupa24.com.ar\/index.php\/2024\/04\/27\/zimmermann-ya-analizamos-89-dnu-de-las-administraciones-de-macri-fernandez-y-milei\/","title":{"rendered":"Zimmermann: \u201cya analizamos 89 DNU de las administraciones de Macri, Fern\u00e1ndez y Milei\u201d"},"content":{"rendered":"\n<p>El senador por el Chaco, V\u00edctor Zimmermann, brind\u00f3 detalles del trabajo de la Comisi\u00f3n Bicameral de Seguimiento Legislativo, destacando que ya se analizaron 89 DNUs de las \u00faltimas 3 administraciones. \u201cEstamos trabajando para normalizar el funcionamiento de la comisi\u00f3n\u201d, asegur\u00f3.<\/p>\n\n\n\n<p>El legislador chaque\u00f1o, que se desempe\u00f1a como secretario de la Bicameral, destac\u00f3 que \u201cya analizamos 87 DNUs de las \u00faltimas administraciones y 2 de la actual gesti\u00f3n, sobre los 136 que se encontraban pendientes, que por muchos a\u00f1os no se trataron\u201d, agregando que \u201cse est\u00e1 cumpliendo con los objetivos de analizar todos los decretos que se encuentran pendientes; y que no se vuelva a demorar su tratamiento\u201d.<\/p>\n\n\n\n<p>Consultado por las objeciones que algunos legisladores tuvieron sobre dos decretos de la actual gesti\u00f3n, Zimmermann explic\u00f3 sobre el primero que \u201csi el presidente Fern\u00e1ndez lo hizo y nosotros se lo aprobamos, como no le vamos a aprobar al presidente Milei, que tiene el derecho de reestructurar sus ministerios\u201d.<\/p>\n\n\n\n<p>\u201cEl otro decreto que cuestion\u00f3 UxP tiene que ver con la designaci\u00f3n del Procurador General\u201d, explic\u00f3 el dirigente radical y aclar\u00f3 que \u201ca partir de la Convenci\u00f3n de Adultos Mayores que adquiri\u00f3 garant\u00eda constitucional, me parece que la edad no tiene que ser una limitante para poder acceder al cargo\u201d. Adem\u00e1s de aclarar que \u201ca partir que se lo designa adquiere rango de Ministro de Estado y como tal no tiene restricciones de edad\u201d.<\/p>\n\n\n\n<p>\u201cEsas fueron las objeciones; pero m\u00e1s all\u00e1 de eso, estamos avanzando, estamos volviendo a la normalidad\u201d, destac\u00f3 el representante radical y agreg\u00f3 que \u201ctanto en el Senado como en Diputados, tendr\u00e1n que tomar la resoluci\u00f3n final que tiene que ver con la decisi\u00f3n pol\u00edtica\u201d; destacando que \u201cde alguna manera tambi\u00e9n estamos analizando las formas de los decretos\u201d.<\/p>\n\n\n\n<p>Sobre el futuro de estos primeros 89 DNUs analizados por esta Bicameral, Zimmermann explic\u00f3 que \u201chay varios pedidos planteados para una sesi\u00f3n especial y eso se tendr\u00e1 que analizar en labor parlamentaria\u201d; reconociendo que \u201cahora toda la expectativa est\u00e1 en la Ley de Bases y la cuesti\u00f3n fiscal en Diputados\u201d.<\/p>\n\n\n\n<p>Sobre esos proyectos en la C\u00e1mara Baja, el senador por el Chaco explic\u00f3 que \u201cestuvimos trabajando en estos d\u00edas, junto a otros senadores de la UCR y los equipos t\u00e9cnicos, haciendo llegar una opini\u00f3n a nuestros legisladores, a los efectos de ir corrigiendo cuestiones para acelerar y no tener que modificar en el Senado en caso de que no se puedan incorporar algunas ideas nuestras\u201d.<\/p>\n\n\n\n<p>Finalmente, Zimmermann aprovech\u00f3 para \u201cdestacar el trabajo del personal de la casa que nos permite analizar cientos y cientos de p\u00e1ginas y art\u00edculos de estos proyectos que env\u00eda el Poder Ejecutivo, para su tratamiento en el Congreso\u201d.<\/p>\n","protected":false},"excerpt":{"rendered":"<p>El senador por el Chaco, V\u00edctor Zimmermann, brind\u00f3 detalles del trabajo de la Comisi\u00f3n Bicameral de Seguimiento Legislativo, destacando que ya se analizaron 89 DNUs de las \u00faltimas 3 administraciones. \u201cEstamos trabajando para normalizar el funcionamiento de la comisi\u00f3n\u201d, asegur\u00f3. El legislador chaque\u00f1o, que se desempe\u00f1a como secretario de la Bicameral, destac\u00f3 que \u201cya analizamos [&hellip;]<\/p>\n","protected":false},"author":2,"featured_media":515,"comment_status":"open","ping_status":"open","sticky":false,"template":"","format":"standard","meta":{"footnotes":""},"categories":[28],"tags":[],"class_list":{"0":"post-1047","1":"post","2":"type-post","3":"status-publish","4":"format-standard","5":"has-post-thumbnail","7":"category-locales"},"aioseo_notices":[],"_links":{"self":[{"href":"https:\/\/lalupa24.com.ar\/index.php\/wp-json\/wp\/v2\/posts\/1047","targetHints":{"allow":["GET"]}}],"collection":[{"href":"https:\/\/lalupa24.com.ar\/index.php\/wp-json\/wp\/v2\/posts"}],"about":[{"href":"https:\/\/lalupa24.com.ar\/index.php\/wp-json\/wp\/v2\/types\/post"}],"author":[{"embeddable":true,"href":"https:\/\/lalupa24.com.ar\/index.php\/wp-json\/wp\/v2\/users\/2"}],"replies":[{"embeddable":true,"href":"https:\/\/lalupa24.com.ar\/index.php\/wp-json\/wp\/v2\/comments?post=1047"}],"version-history":[{"count":1,"href":"https:\/\/lalupa24.com.ar\/index.php\/wp-json\/wp\/v2\/posts\/1047\/revisions"}],"predecessor-version":[{"id":1048,"href":"https:\/\/lalupa24.com.ar\/index.php\/wp-json\/wp\/v2\/posts\/1047\/revisions\/1048"}],"wp:featuredmedia":[{"embeddable":true,"href":"https:\/\/lalupa24.com.ar\/index.php\/wp-json\/wp\/v2\/media\/515"}],"wp:attachment":[{"href":"https:\/\/lalupa24.com.ar\/index.php\/wp-json\/wp\/v2\/media?parent=1047"}],"wp:term":[{"taxonomy":"category","embeddable":true,"href":"https:\/\/lalupa24.com.ar\/index.php\/wp-json\/wp\/v2\/categories?post=1047"},{"taxonomy":"post_tag","embeddable":true,"href":"https:\/\/lalupa24.com.ar\/index.php\/wp-json\/wp\/v2\/tags?post=1047"}],"curies":[{"name":"wp","href":"https:\/\/api.w.org\/{rel}","templated":true}]}}