{"id":10484,"date":"2025-08-11T09:54:19","date_gmt":"2025-08-11T12:54:19","guid":{"rendered":"https:\/\/lalupa24.com.ar\/?p=10484"},"modified":"2025-08-11T09:54:21","modified_gmt":"2025-08-11T12:54:21","slug":"los-juegos-para-los-mas-chicos-llego-a-la-chacra-24","status":"publish","type":"post","link":"https:\/\/lalupa24.com.ar\/index.php\/2025\/08\/11\/los-juegos-para-los-mas-chicos-llego-a-la-chacra-24\/","title":{"rendered":"Los juegos para los mas chicos llego a la chacra 24"},"content":{"rendered":"\n<p><\/p>\n\n\n\n<p>En la Chacra 24 se llev\u00f3 a cabo la segunda jornada de \u201cFestejo de las Infancias\u201d, un encuentro organizado por la Municipalidad de Resistencia y el Gobierno de la Provincia. Participaron familias de los barrios Don Santiago I, II y III.<\/p>\n\n\n\n<p>Ludmila Aguirre, delegada de La Scalonetita, agradeci\u00f3 al Municipio por llevar estas actividades al barrio y cont\u00f3 que en su organizaci\u00f3n trabajan \u201cpara sacar a los chicos de la calle y alejarlos de la droga\u201d. Tienen m\u00e1s de 80 ni\u00f1os con los que hacen deportes en la semana y les dan la merienda.<\/p>\n\n\n\n<p>Para llevar a cabo las actividades colaboran diferentes \u00e1reas municipales y del Ministerio de Desarrollo Humano. Marcela Fern\u00e1ndez, de la Direcci\u00f3n General de Infancias, indic\u00f3 que estos festejos continuar\u00e1n durante todo agosto, compartiendo juegos y sorpresas para los m\u00e1s chicos.<\/p>\n\n\n\n<p>Adem\u00e1s, Maria Zardi, directora de Mantenimiento, explic\u00f3 que al mismo tiempo, se realizan tareas de limpieza y barrido para dejar en condiciones el lugar.<\/p>\n\n\n\n<p>Desde la Secretar\u00eda de Cultura resaltaron la posibilidad de utilizar los espacios verdes para estas celebraciones, con la pista de tr\u00e1nsito, charlas sobre cuidado de ambiente, el colectivo sanitario, la posta de vacunaci\u00f3n, feria de emprendedores y shows de t\u00edteres y payasos.<\/p>\n","protected":false},"excerpt":{"rendered":"<p>En la Chacra 24 se llev\u00f3 a cabo la segunda jornada de \u201cFestejo de las Infancias\u201d, un encuentro organizado por la Municipalidad de Resistencia y el Gobierno de la Provincia. Participaron familias de los barrios Don Santiago I, II y III. Ludmila Aguirre, delegada de La Scalonetita, agradeci\u00f3 al Municipio por llevar estas actividades al [&hellip;]<\/p>\n","protected":false},"author":2,"featured_media":10485,"comment_status":"open","ping_status":"open","sticky":false,"template":"","format":"standard","meta":{"footnotes":""},"categories":[28],"tags":[],"class_list":{"0":"post-10484","1":"post","2":"type-post","3":"status-publish","4":"format-standard","5":"has-post-thumbnail","7":"category-locales"},"aioseo_notices":[],"_links":{"self":[{"href":"https:\/\/lalupa24.com.ar\/index.php\/wp-json\/wp\/v2\/posts\/10484","targetHints":{"allow":["GET"]}}],"collection":[{"href":"https:\/\/lalupa24.com.ar\/index.php\/wp-json\/wp\/v2\/posts"}],"about":[{"href":"https:\/\/lalupa24.com.ar\/index.php\/wp-json\/wp\/v2\/types\/post"}],"author":[{"embeddable":true,"href":"https:\/\/lalupa24.com.ar\/index.php\/wp-json\/wp\/v2\/users\/2"}],"replies":[{"embeddable":true,"href":"https:\/\/lalupa24.com.ar\/index.php\/wp-json\/wp\/v2\/comments?post=10484"}],"version-history":[{"count":1,"href":"https:\/\/lalupa24.com.ar\/index.php\/wp-json\/wp\/v2\/posts\/10484\/revisions"}],"predecessor-version":[{"id":10486,"href":"https:\/\/lalupa24.com.ar\/index.php\/wp-json\/wp\/v2\/posts\/10484\/revisions\/10486"}],"wp:featuredmedia":[{"embeddable":true,"href":"https:\/\/lalupa24.com.ar\/index.php\/wp-json\/wp\/v2\/media\/10485"}],"wp:attachment":[{"href":"https:\/\/lalupa24.com.ar\/index.php\/wp-json\/wp\/v2\/media?parent=10484"}],"wp:term":[{"taxonomy":"category","embeddable":true,"href":"https:\/\/lalupa24.com.ar\/index.php\/wp-json\/wp\/v2\/categories?post=10484"},{"taxonomy":"post_tag","embeddable":true,"href":"https:\/\/lalupa24.com.ar\/index.php\/wp-json\/wp\/v2\/tags?post=10484"}],"curies":[{"name":"wp","href":"https:\/\/api.w.org\/{rel}","templated":true}]}}