{"id":10490,"date":"2025-08-05T12:10:00","date_gmt":"2025-08-05T15:10:00","guid":{"rendered":"https:\/\/lalupa24.com.ar\/?p=10490"},"modified":"2025-08-11T11:00:27","modified_gmt":"2025-08-11T14:00:27","slug":"delgado-en-el-1o-foro-del-litoral-y-3o-foro-de-garantias-es-fundamental-brindar-herramientas-de-desarrollo-a-las-pymes","status":"publish","type":"post","link":"https:\/\/lalupa24.com.ar\/index.php\/2025\/08\/05\/delgado-en-el-1o-foro-del-litoral-y-3o-foro-de-garantias-es-fundamental-brindar-herramientas-de-desarrollo-a-las-pymes\/","title":{"rendered":"Delgado en el 1\u00ba Foro del Litoral y 3\u00ba Foro de Garant\u00edas: \u201cEs fundamental brindar herramientas de desarrollo a las Pymes\u201d"},"content":{"rendered":"\n<p><\/p>\n\n\n\n<p>La presidente de la Legislatura, Carmen Delgado, junto a sus pares Dorys Arkwright y Carlos Salom, participaron de la 1\u00aa sesi\u00f3n del Foro de la Regi\u00f3n Litoral y 3\u00ba Foro Provincial de Garant\u00edas. Se realiz\u00f3 en el Centro de Convenciones Gala, con el objetivo de fortalecer &nbsp;a las peque\u00f1as y medianas empresas &nbsp;en el acceso a herramientas financieras.<\/p>\n\n\n\n<p>Estuvo presidida por el titular de Fiduciaria del Norte, Gerardo Santos Oliveira, junto a la presidente del Fondo de Garant\u00edas Buenos Aires (FOGABA), Ver\u00f3nica Wejchenberg. Acompa\u00f1ados de los ministros provinciales de Hacienda y Finanzas, Alejandro Abraam; de Producci\u00f3n, Oscar Dudik; y el secretario de Coordinaci\u00f3n de Gabinete del Chaco, Livio Guti\u00e9rrez; entre otros.<br><br>La titular del Legislativo local, Carmen Delgado, remarc\u00f3 la importancia de acompa\u00f1ar e impulsar estas iniciativas pensadas para que las peque\u00f1as y medianas empresas se desarrollen y accedan a inversiones por fuera del territorio provincial.<\/p>\n\n\n\n<p>\u201cEs fundamental brindar herramientas de desarrollo a las Pymes\u201d, subray\u00f3 Delgado y asegur\u00f3: \u201cRepresentan mucho m\u00e1s que producci\u00f3n y empleo, son espacios donde las familias chaque\u00f1as se autogestionan, trabajan y salen adelante. Desde la Legislatura, asumimos el compromiso de acompa\u00f1arlas con pol\u00edticas p\u00fablicas que promuevan la equidad, la inclusi\u00f3n y el arraigo en cada localidad\u201d.<\/p>\n\n\n\n<p>El Foro Provincial de Garant\u00edas tiene como objetivo fortalecer el acceso al financiamiento para las peque\u00f1as y medianas empresas chaque\u00f1as, a trav\u00e9s del Fondo de Garant\u00eda del Chaco (FOGACH). Re\u00fane a actores del \u00e1mbito financiero y productivo para abordar el rol de las garant\u00edas en el desarrollo productivo local, con un enfoque en las necesidades espec\u00edficas de las Pymes chaque\u00f1as.<\/p>\n\n\n\n<p>Participaron representantes de Chaco, Corrientes, Misiones, Entre R\u00edos, Santa Fe, La Rioja, San Juan, Buenos Aires, Jujuy, La Pampa, Tierra del Fuego, Catamarca, Neuqu\u00e9n y miembros de LA Red Federal de Fondos de Garant\u00edas P\u00fablicos (FONRED).<\/p>\n","protected":false},"excerpt":{"rendered":"<p>La presidente de la Legislatura, Carmen Delgado, junto a sus pares Dorys Arkwright y Carlos Salom, participaron de la 1\u00aa sesi\u00f3n del Foro de la Regi\u00f3n Litoral y 3\u00ba Foro Provincial de Garant\u00edas. Se realiz\u00f3 en el Centro de Convenciones Gala, con el objetivo de fortalecer &nbsp;a las peque\u00f1as y medianas empresas &nbsp;en el acceso [&hellip;]<\/p>\n","protected":false},"author":2,"featured_media":10491,"comment_status":"open","ping_status":"open","sticky":false,"template":"","format":"standard","meta":{"footnotes":""},"categories":[28],"tags":[],"class_list":{"0":"post-10490","1":"post","2":"type-post","3":"status-publish","4":"format-standard","5":"has-post-thumbnail","7":"category-locales"},"aioseo_notices":[],"_links":{"self":[{"href":"https:\/\/lalupa24.com.ar\/index.php\/wp-json\/wp\/v2\/posts\/10490","targetHints":{"allow":["GET"]}}],"collection":[{"href":"https:\/\/lalupa24.com.ar\/index.php\/wp-json\/wp\/v2\/posts"}],"about":[{"href":"https:\/\/lalupa24.com.ar\/index.php\/wp-json\/wp\/v2\/types\/post"}],"author":[{"embeddable":true,"href":"https:\/\/lalupa24.com.ar\/index.php\/wp-json\/wp\/v2\/users\/2"}],"replies":[{"embeddable":true,"href":"https:\/\/lalupa24.com.ar\/index.php\/wp-json\/wp\/v2\/comments?post=10490"}],"version-history":[{"count":1,"href":"https:\/\/lalupa24.com.ar\/index.php\/wp-json\/wp\/v2\/posts\/10490\/revisions"}],"predecessor-version":[{"id":10492,"href":"https:\/\/lalupa24.com.ar\/index.php\/wp-json\/wp\/v2\/posts\/10490\/revisions\/10492"}],"wp:featuredmedia":[{"embeddable":true,"href":"https:\/\/lalupa24.com.ar\/index.php\/wp-json\/wp\/v2\/media\/10491"}],"wp:attachment":[{"href":"https:\/\/lalupa24.com.ar\/index.php\/wp-json\/wp\/v2\/media?parent=10490"}],"wp:term":[{"taxonomy":"category","embeddable":true,"href":"https:\/\/lalupa24.com.ar\/index.php\/wp-json\/wp\/v2\/categories?post=10490"},{"taxonomy":"post_tag","embeddable":true,"href":"https:\/\/lalupa24.com.ar\/index.php\/wp-json\/wp\/v2\/tags?post=10490"}],"curies":[{"name":"wp","href":"https:\/\/api.w.org\/{rel}","templated":true}]}}