{"id":10512,"date":"2025-08-11T11:15:49","date_gmt":"2025-08-11T14:15:49","guid":{"rendered":"https:\/\/lalupa24.com.ar\/?p=10512"},"modified":"2025-08-11T11:15:50","modified_gmt":"2025-08-11T14:15:50","slug":"murio-miguel-uribe-turbay-el-precandidato-presidencial-colombiano-fue-victima-de-un-atentado-sicarial-en-junio","status":"publish","type":"post","link":"https:\/\/lalupa24.com.ar\/index.php\/2025\/08\/11\/murio-miguel-uribe-turbay-el-precandidato-presidencial-colombiano-fue-victima-de-un-atentado-sicarial-en-junio\/","title":{"rendered":"Muri\u00f3 Miguel Uribe Turbay: el precandidato presidencial colombiano fue v\u00edctima de un atentado sicarial en junio"},"content":{"rendered":"\n<p>El pa\u00eds amaneci\u00f3 hoy con la noticia del fallecimiento de Miguel Uribe Turbay, senador de la Rep\u00fablica y precandidato presidencial, quien muri\u00f3 en la madrugada de este lunes en la Fundaci\u00f3n Santa Fe de Bogot\u00e1 tras complicaciones derivadas del atentado que sufri\u00f3 el pasado 7 de junio durante un acto pol\u00edtico en la capital.<\/p>\n","protected":false},"excerpt":{"rendered":"<p>El pa\u00eds amaneci\u00f3 hoy con la noticia del fallecimiento de Miguel Uribe Turbay, senador de la Rep\u00fablica y precandidato presidencial, quien muri\u00f3 en la madrugada de este lunes en la Fundaci\u00f3n Santa Fe de Bogot\u00e1 tras complicaciones derivadas del atentado que sufri\u00f3 el pasado 7 de junio durante un acto pol\u00edtico en la capital.<\/p>\n","protected":false},"author":2,"featured_media":10513,"comment_status":"open","ping_status":"open","sticky":false,"template":"","format":"standard","meta":{"footnotes":""},"categories":[25],"tags":[],"class_list":{"0":"post-10512","1":"post","2":"type-post","3":"status-publish","4":"format-standard","5":"has-post-thumbnail","7":"category-internacionales"},"aioseo_notices":[],"_links":{"self":[{"href":"https:\/\/lalupa24.com.ar\/index.php\/wp-json\/wp\/v2\/posts\/10512","targetHints":{"allow":["GET"]}}],"collection":[{"href":"https:\/\/lalupa24.com.ar\/index.php\/wp-json\/wp\/v2\/posts"}],"about":[{"href":"https:\/\/lalupa24.com.ar\/index.php\/wp-json\/wp\/v2\/types\/post"}],"author":[{"embeddable":true,"href":"https:\/\/lalupa24.com.ar\/index.php\/wp-json\/wp\/v2\/users\/2"}],"replies":[{"embeddable":true,"href":"https:\/\/lalupa24.com.ar\/index.php\/wp-json\/wp\/v2\/comments?post=10512"}],"version-history":[{"count":1,"href":"https:\/\/lalupa24.com.ar\/index.php\/wp-json\/wp\/v2\/posts\/10512\/revisions"}],"predecessor-version":[{"id":10514,"href":"https:\/\/lalupa24.com.ar\/index.php\/wp-json\/wp\/v2\/posts\/10512\/revisions\/10514"}],"wp:featuredmedia":[{"embeddable":true,"href":"https:\/\/lalupa24.com.ar\/index.php\/wp-json\/wp\/v2\/media\/10513"}],"wp:attachment":[{"href":"https:\/\/lalupa24.com.ar\/index.php\/wp-json\/wp\/v2\/media?parent=10512"}],"wp:term":[{"taxonomy":"category","embeddable":true,"href":"https:\/\/lalupa24.com.ar\/index.php\/wp-json\/wp\/v2\/categories?post=10512"},{"taxonomy":"post_tag","embeddable":true,"href":"https:\/\/lalupa24.com.ar\/index.php\/wp-json\/wp\/v2\/tags?post=10512"}],"curies":[{"name":"wp","href":"https:\/\/api.w.org\/{rel}","templated":true}]}}