{"id":10563,"date":"2025-08-11T11:38:11","date_gmt":"2025-08-11T14:38:11","guid":{"rendered":"https:\/\/lalupa24.com.ar\/?p=10563"},"modified":"2025-08-11T11:38:12","modified_gmt":"2025-08-11T14:38:12","slug":"el-gobierno-postergo-la-implementacion-del-nuevo-codigo-procesal-penal-federal-en-caba","status":"publish","type":"post","link":"https:\/\/lalupa24.com.ar\/index.php\/2025\/08\/11\/el-gobierno-postergo-la-implementacion-del-nuevo-codigo-procesal-penal-federal-en-caba\/","title":{"rendered":"El Gobierno posterg\u00f3 la implementaci\u00f3n del nuevo C\u00f3digo Procesal Penal Federal en CABA"},"content":{"rendered":"\n<p>El Gobierno\u00a0posterg\u00f3\u00a0la implementaci\u00f3n del nuevo\u00a0C\u00f3digo Procesal Penal Federal\u00a0en la ciudad de Buenos Aires. El Ministerio de Justicia, liderado por\u00a0 Mario Cuneo Libarola, ispuso la medida a trav\u00e9s del Bolet\u00edn Oficial. El aplazamiento ser\u00e1 hasta el\u00a010 de noviembre.<\/p>\n\n\n\n<p>El Ministerio de Justicia argument\u00f3 a trav\u00e9s del decreto 530\/2025 firmado por C\u00faneo Libarona que \u201ca criterio del Gobierno Nacional se encuentran\u00a0satisfechas\u00a0las condiciones para la\u00a0implementaci\u00f3n inmediata\u00a0del C\u00f3digo Procesal Penal Federal\u201d.<\/p>\n\n\n\n<p>El texto aclar\u00f3 que la Procuraci\u00f3n General de la Naci\u00f3n, a cargo, interinamente, de\u00a0Eduardo Casal,\u00a0\u201cha informado que, desde su perspectiva,\u00a0no se encuentran reunidos\u00a0los requisitos t\u00e9cnicos, operativos y de infraestructura edilicia m\u00ednimamente indispensables para\u00a0garantizar\u00a0el inicio efectivo del sistema acusatorio en la justicia federal de la Ciudad Aut\u00f3noma de Buenos Aires&#8221;.<\/p>\n\n\n\n<h2 class=\"wp-block-heading\">Cu\u00e1ndo se implementar\u00e1 el nuevo C\u00f3digo Procesal Penal Federal en la ciudad de Buenos Aires<\/h2>\n\n\n\n<p>El decreto explic\u00f3 que \u201ccon el fin de\u00a0evitar\u00a0una situaci\u00f3n de\u00a0conflicto institucional\u00a0que comprometa el servicio de Justicia, se decide\u00a0diferir,\u00a0por \u00fanica vez y con car\u00e1cter\u00a0excepcional e improrrogable,\u00a0la entrada en vigencia del C\u00f3digo Procesal Penal Federal&#8221; en la ciudad de Buenos Aires para el pr\u00f3ximo 10 de noviembre.<\/p>\n\n\n\n<p>El texto destac\u00f3 que esta medida \u201casegura as\u00ed un plazo complementario, que se estima\u00a0razonable y suficiente\u00a0para\u00a0intensificar\u00a0las actividades institucionales preparatorias de la implementaci\u00f3n, y para concluir gestiones adicionales extraordinarias asumidas por el Ministerio de Justicia, con la colaboraci\u00f3n necesaria de los dem\u00e1s actores del sistema de justicia federal&#8221;.<\/p>\n\n\n\n<p>El Ministerio de Justicia ratific\u00f3 \u201csu voluntad de\u00a0coordinar\u00a0todos los esfuerzos t\u00e9cnicos, administrativos y log\u00edsticos necesarios para\u00a0concluir definitivamente,\u00a0sin m\u00e1s dilaciones, la implementaci\u00f3n integral de la reforma procesal penal federal en todo el territorio nacional&#8221;.<\/p>\n\n\n\n<p>El decreto explic\u00f3 que \u201cel\u00a0cumplimiento efectivo y oportuno\u00a0de dicho compromiso estrat\u00e9gico requiere una organizaci\u00f3n eficiente y sistem\u00e1tica de los recursos humanos, t\u00e9cnicos y financieros disponibles, as\u00ed como una\u00a0gesti\u00f3n \u00e1gil, coordinada y eficaz\u00a0de los procedimientos administrativos internos de todos los \u00f3rganos involucrados en el proceso de reforma\u201d.<\/p>\n\n\n\n<h2 class=\"wp-block-heading\">Las claves del nuevo C\u00f3digo Procesal Penal Federal<\/h2>\n\n\n\n<p>C\u00faneo Libarona present\u00f3 el marzo del a\u00f1o pasado los detalles del nuevo codigo procesal penal federal\u00a0<strong>,<\/strong>\u00a0con el que destac\u00f3 que buscan \u201cuna\u00a0justicia eficiente y r\u00e1pida\u201c.<\/p>\n\n\n\n<p>El ministro de Justicia explic\u00f3 que a partir de este nuevo sistema\u00a0toda causa ser\u00e1 recibida por el Ministerio P\u00fablico Fiscal,\u00a0desde donde se resolver\u00e1 c\u00f3mo proseguir: \u201cPrimero analiza si vale la pena investigar eso, llamado principio de oportunidad. Luego, puede plantear un juicio abreviado, una probation o una reparaci\u00f3n\u201d.<\/p>\n\n\n\n<p>C\u00faneo Libarona detall\u00f3 que el&nbsp;<strong>sistema acusatorio&nbsp;<\/strong>significa la presencia de un fiscal que investiga, la defensa y un juez imparcial, distinto, que ocupa las tareas imprescindibles jurisdiccionales\u201d.<\/p>\n\n\n\n<p>El funcionario destac\u00f3 que esta reforma agiliza los tiempos de la Justicia: \u201cEvitamos un tremendo da\u00f1o para las v\u00edctimas, para el imputado y para la sociedad, que es la\u00a0prolongaci\u00f3n indebida de los procesos\u201d.<\/p>\n","protected":false},"excerpt":{"rendered":"<p>El Gobierno\u00a0posterg\u00f3\u00a0la implementaci\u00f3n del nuevo\u00a0C\u00f3digo Procesal Penal Federal\u00a0en la ciudad de Buenos Aires. El Ministerio de Justicia, liderado por\u00a0 Mario Cuneo Libarola, ispuso la medida a trav\u00e9s del Bolet\u00edn Oficial. El aplazamiento ser\u00e1 hasta el\u00a010 de noviembre. El Ministerio de Justicia argument\u00f3 a trav\u00e9s del decreto 530\/2025 firmado por C\u00faneo Libarona que \u201ca criterio del [&hellip;]<\/p>\n","protected":false},"author":2,"featured_media":10568,"comment_status":"open","ping_status":"open","sticky":false,"template":"","format":"standard","meta":{"footnotes":""},"categories":[26],"tags":[],"class_list":{"0":"post-10563","1":"post","2":"type-post","3":"status-publish","4":"format-standard","5":"has-post-thumbnail","7":"category-nacionales"},"aioseo_notices":[],"_links":{"self":[{"href":"https:\/\/lalupa24.com.ar\/index.php\/wp-json\/wp\/v2\/posts\/10563","targetHints":{"allow":["GET"]}}],"collection":[{"href":"https:\/\/lalupa24.com.ar\/index.php\/wp-json\/wp\/v2\/posts"}],"about":[{"href":"https:\/\/lalupa24.com.ar\/index.php\/wp-json\/wp\/v2\/types\/post"}],"author":[{"embeddable":true,"href":"https:\/\/lalupa24.com.ar\/index.php\/wp-json\/wp\/v2\/users\/2"}],"replies":[{"embeddable":true,"href":"https:\/\/lalupa24.com.ar\/index.php\/wp-json\/wp\/v2\/comments?post=10563"}],"version-history":[{"count":1,"href":"https:\/\/lalupa24.com.ar\/index.php\/wp-json\/wp\/v2\/posts\/10563\/revisions"}],"predecessor-version":[{"id":10569,"href":"https:\/\/lalupa24.com.ar\/index.php\/wp-json\/wp\/v2\/posts\/10563\/revisions\/10569"}],"wp:featuredmedia":[{"embeddable":true,"href":"https:\/\/lalupa24.com.ar\/index.php\/wp-json\/wp\/v2\/media\/10568"}],"wp:attachment":[{"href":"https:\/\/lalupa24.com.ar\/index.php\/wp-json\/wp\/v2\/media?parent=10563"}],"wp:term":[{"taxonomy":"category","embeddable":true,"href":"https:\/\/lalupa24.com.ar\/index.php\/wp-json\/wp\/v2\/categories?post=10563"},{"taxonomy":"post_tag","embeddable":true,"href":"https:\/\/lalupa24.com.ar\/index.php\/wp-json\/wp\/v2\/tags?post=10563"}],"curies":[{"name":"wp","href":"https:\/\/api.w.org\/{rel}","templated":true}]}}