{"id":10570,"date":"2025-08-11T11:44:51","date_gmt":"2025-08-11T14:44:51","guid":{"rendered":"https:\/\/lalupa24.com.ar\/?p=10570"},"modified":"2025-08-11T11:44:53","modified_gmt":"2025-08-11T14:44:53","slug":"una-mujer-en-avellaneda-fue-detenida-tras-ser-acusada-de-matar-de-un-ladrillazo-a-su-beba-de-8-meses","status":"publish","type":"post","link":"https:\/\/lalupa24.com.ar\/index.php\/2025\/08\/11\/una-mujer-en-avellaneda-fue-detenida-tras-ser-acusada-de-matar-de-un-ladrillazo-a-su-beba-de-8-meses\/","title":{"rendered":"Una mujer en Avellaneda fue detenida tras ser acusada de matar de un ladrillazo a su beba de 8 meses"},"content":{"rendered":"\n<p>Una mujer fue detenida en las \u00faltimas horas\u00a0acusada de asesinar\u00a0brutalmente a su\u00a0hija de ocho meses\u00a0de vida en la localidad bonaerense de\u00a0Villa Dom\u00ednico, partido de Avellaneda.<\/p>\n\n\n\n<p>Seg\u00fan detall\u00f3 a\u00a0<em>Cr\u00f3nica<\/em>\u00a0una fuente cercana a la investigaci\u00f3n, la madre ahorc\u00f3 y golpe\u00f3 a la beba\u00a0con un ladrillo en la cabeza\u00a0hasta matarla.<\/p>\n\n\n\n<p>Despu\u00e9s, incendi\u00f3 la casa ubicada en un pasillo de la calle Campichuelo al 4270, a solo dos cuadras de un comedor comunitario, en un aparente\u00a0intento de borrar las pruebas y escapar.<\/p>\n\n\n\n<h2 class=\"wp-block-heading\">El incendio y la ca\u00edda de la acusada<\/h2>\n\n\n\n<p>Las llamas se propagaron r\u00e1pidamente y\u00a0afectaron a las casas linderas, generando p\u00e1nico entre los vecinos de Villa Corina. Tras un intenso trabajo en el lugar, los bomberos\u00a0lograron controlar el fuego\u00a0antes de que se extendiera por todo el barrio.<\/p>\n\n\n\n<p>En medio del operativo para apagar el incendio, la polic\u00eda despleg\u00f3 un operativo cerrojo en la zona y\u00a0detuvo a la madre de la v\u00edctima, que escap\u00f3 tras prender fuego la casa.<\/p>\n\n\n\n<p>Ahora, la acusada qued\u00f3\u00a0a disposici\u00f3n de la fiscal\u00eda\u00a0de turno, que investiga el caso.<\/p>\n\n\n\n<h2 class=\"wp-block-heading\">La investigaci\u00f3n<\/h2>\n\n\n\n<p>Los investigadores no descartan que el incendio de la casa haya sido una maniobra de la acusada con el\u00a0objetivo de borrar las pruebas\u00a0del crimen.<\/p>\n\n\n\n<p>Por estas horas, la Justicia busca determinar\u00a0si la imputada comprende la gravedad\u00a0de sus actos y cu\u00e1l fue el motivo detr\u00e1s del brutal filicidio.<\/p>\n\n\n\n<p>Hasta el momento, no trascendieron datos\u00a0sobre el padre de la v\u00edctima ni sobre el entorno\u00a0familiar.<\/p>\n\n\n\n<h2 class=\"wp-block-heading\">En la mente de un filicida<\/h2>\n\n\n\n<p>Son los cr\u00edmenes m\u00e1s dif\u00edciles de entender y, tambi\u00e9n, los m\u00e1s dif\u00edciles de prevenir. Sin embargo, suceden con m\u00e1s frecuencia de lo que se cree. que lleva a una persona a matar a su propio hijo?\u00a0\u00bfQu\u00e9 sucede en la mente de alguien capaz de atentar contra lo m\u00e1s preciado?<\/p>\n\n\n\n<p>\u201cDesde la psiquiatr\u00eda y las neurociencias\u00a0no hay una \u00fanica causa.\u00a0Puede tratarse de un trastorno mental grave, como una psicosis, con ideas delirantes de tipo paranoico. En este caso, la persona cree err\u00f3neamente que su familiar -en este caso, un hijo- es una amenaza. Alguien que trata de envenenarlo, que est\u00e1 haciendo cosas como para acabar con su vida. Y cree que se est\u00e1 defendiendo de eso\u201d, sit\u00faa\u00a0Emilio Hidalgo, m\u00e9dico psiquiatra (M.P 3082)<\/p>\n\n\n\n<p>Y profundiza: \u201cTambi\u00e9n podr\u00eda tratarse de\u00a0trastornos de la personalidad. Hay personas -el psic\u00f3pata, por ejemplo- que pueden tener una violencia de tipo cr\u00f3nica y no les importa demasiado la vida de los dem\u00e1s. Tambi\u00e9n hay situaciones espec\u00edficas como el trastorno explosivo intermitente: son estas personas que frente a ciertos est\u00edmulos reaccionan de una manera desmedida, llegando a provocar violencia f\u00edsica o verbal.\u00a0Los familiares son los que est\u00e1n m\u00e1s cerca\u00a0y quienes m\u00e1s frecuentemente se convierten en el blanco de esa angustia, de ese miedo o de esa desorganizaci\u00f3n mental\u201d.<\/p>\n\n\n\n<p>La criminolog\u00eda distingue una variedad de razones capaces de desencadenar el acto de matar a un hijo. Y si bien entre s\u00ed poseen matices que plantean un abordaje diferente tanto en la investigaci\u00f3n como en las penas a aplicar,\u00a0la salud mental suele ser un factor com\u00fan\u00a0en buena parte de los casos.<\/p>\n","protected":false},"excerpt":{"rendered":"<p>Una mujer fue detenida en las \u00faltimas horas\u00a0acusada de asesinar\u00a0brutalmente a su\u00a0hija de ocho meses\u00a0de vida en la localidad bonaerense de\u00a0Villa Dom\u00ednico, partido de Avellaneda. Seg\u00fan detall\u00f3 a\u00a0Cr\u00f3nica\u00a0una fuente cercana a la investigaci\u00f3n, la madre ahorc\u00f3 y golpe\u00f3 a la beba\u00a0con un ladrillo en la cabeza\u00a0hasta matarla. Despu\u00e9s, incendi\u00f3 la casa ubicada en un pasillo [&hellip;]<\/p>\n","protected":false},"author":2,"featured_media":10571,"comment_status":"open","ping_status":"open","sticky":false,"template":"","format":"standard","meta":{"footnotes":""},"categories":[26],"tags":[],"class_list":{"0":"post-10570","1":"post","2":"type-post","3":"status-publish","4":"format-standard","5":"has-post-thumbnail","7":"category-nacionales"},"aioseo_notices":[],"_links":{"self":[{"href":"https:\/\/lalupa24.com.ar\/index.php\/wp-json\/wp\/v2\/posts\/10570","targetHints":{"allow":["GET"]}}],"collection":[{"href":"https:\/\/lalupa24.com.ar\/index.php\/wp-json\/wp\/v2\/posts"}],"about":[{"href":"https:\/\/lalupa24.com.ar\/index.php\/wp-json\/wp\/v2\/types\/post"}],"author":[{"embeddable":true,"href":"https:\/\/lalupa24.com.ar\/index.php\/wp-json\/wp\/v2\/users\/2"}],"replies":[{"embeddable":true,"href":"https:\/\/lalupa24.com.ar\/index.php\/wp-json\/wp\/v2\/comments?post=10570"}],"version-history":[{"count":1,"href":"https:\/\/lalupa24.com.ar\/index.php\/wp-json\/wp\/v2\/posts\/10570\/revisions"}],"predecessor-version":[{"id":10572,"href":"https:\/\/lalupa24.com.ar\/index.php\/wp-json\/wp\/v2\/posts\/10570\/revisions\/10572"}],"wp:featuredmedia":[{"embeddable":true,"href":"https:\/\/lalupa24.com.ar\/index.php\/wp-json\/wp\/v2\/media\/10571"}],"wp:attachment":[{"href":"https:\/\/lalupa24.com.ar\/index.php\/wp-json\/wp\/v2\/media?parent=10570"}],"wp:term":[{"taxonomy":"category","embeddable":true,"href":"https:\/\/lalupa24.com.ar\/index.php\/wp-json\/wp\/v2\/categories?post=10570"},{"taxonomy":"post_tag","embeddable":true,"href":"https:\/\/lalupa24.com.ar\/index.php\/wp-json\/wp\/v2\/tags?post=10570"}],"curies":[{"name":"wp","href":"https:\/\/api.w.org\/{rel}","templated":true}]}}