{"id":10574,"date":"2025-08-09T11:48:30","date_gmt":"2025-08-09T14:48:30","guid":{"rendered":"https:\/\/lalupa24.com.ar\/?p=10574"},"modified":"2025-08-11T11:51:32","modified_gmt":"2025-08-11T14:51:32","slug":"concejales-de-barranqueras-repudian-discursos-oportunistas-y-defienden-la-gestion-municipal","status":"publish","type":"post","link":"https:\/\/lalupa24.com.ar\/index.php\/2025\/08\/09\/concejales-de-barranqueras-repudian-discursos-oportunistas-y-defienden-la-gestion-municipal\/","title":{"rendered":"Concejales de Barranqueras repudian discursos oportunistas y defienden la gesti\u00f3n municipal"},"content":{"rendered":"\n<p>Los ediles rechazaron las declaraciones difundidas por autoridades provinciales y la oposici\u00f3n local y criticaron la connivencia con el gobierno nacional y sus pol\u00edticas de ajuste._<\/p>\n\n\n\n<p>Los ediles Roberto Ben\u00edtez, Mirta P\u00e9rez, Carlos Maidana, Rodrigo Ayala Pared, Ra\u00fal Molina y Viviana Ayala defendieron la gesti\u00f3n de la intendente Magda Ayala y criticaron el oportunismo de referentes opositores y funcionarios de la empresa SAMEEP.<\/p>\n\n\n\n<p>\u201cLa hipocres\u00eda de la oposici\u00f3n local no tiene l\u00edmites, apoyan al gobierno nacional que hunde al pa\u00eds y fingen preocuparse por los municipales\u201d se\u00f1alaron los concejales. En la misma l\u00ednea, remarcaron: \u201cR\u00e1pido se olvidaron que cuando fueron gobierno mantuvieron precarizados por m\u00e1s de 15 a\u00f1os a los trabajadores\u201d.<\/p>\n\n\n\n<p>Los dichos malintencionados surgieron por los inconvenientes de fuerza mayor que retrasaron el pago a una parte de los empleados municipales. Desde la intendencia, pidieron disculpas por la situaci\u00f3n y trabajaron intensamente para subsanar el problema y que todos los haberes se acrediten el lunes 11.<\/p>\n\n\n\n<p>En este marco, los ediles consideraron que las acusaciones sobre una \u201cmala administraci\u00f3n\u201d son infundadas, sobre todo considerando que est\u00e1 situaci\u00f3n \u201ces reflejo directo de la ca\u00edda de la coparticipaci\u00f3n federal como consecuencia de las pol\u00edticas de ajuste del gobierno de Javier Milei\u201d. Seguidamente, denunciaron la complicidad de la Provincia con estas medidas: \u201cLa connivencia y silencio del gobernador provincial y el respaldo de sus legisladores en el Congreso Nacional avalan esta crisis que golpea duramente a las econom\u00edas municipales\u201d.<\/p>\n\n\n\n<p>De la misma forma, valoraron los avances logrados en la gesti\u00f3n de Magda Ayala. \u201cSe logr\u00f3 la estabilidad laboral de m\u00e1s de 500 trabajadores que estaban precarizados, algunos con hasta 15 a\u00f1os en esa situaci\u00f3n, producto de gestiones anteriores. Se implement\u00f3 la tarjeta de refrigerio para todos los trabajadores, sin distinci\u00f3n de categor\u00eda, y se otorg\u00f3 un aumento salarial del 17 %, muy por encima del 6,5 % que otorg\u00f3 la provincia\u201d, recordaron.<\/p>\n\n\n\n<p>En este punto, tambi\u00e9n se\u00f1alaron la falta de apoyo del gobierno provincial. \u201cA pesar de ser facultad exclusiva del Poder Ejecutivo Provincial, la Municipalidad ha tenido que asumir la responsabilidad de intervenir en obras y mantenimiento en establecimientos escolares de Barranqueras, dada la falta de acci\u00f3n y respuesta por parte de la provincia\u201d, expresaron.<\/p>\n\n\n\n<p>Tambi\u00e9n mencionaron la suspensi\u00f3n de pago de la cl\u00e1usula gatillo a docentes, medida que afecta a todos los educadores chaque\u00f1os. \u201cResulta hip\u00f3crita que la oposici\u00f3n critique la gesti\u00f3n municipal de Barranqueras cuando ellos mismos tomaron la decisi\u00f3n pol\u00edtica de no continuar con este incentivo docente, que ya hab\u00eda sido quitado el a\u00f1o pasado\u201d, remarcaron.<\/p>\n\n\n\n<p>En este sentido, acusaron a funcionarios provinciales y opositores de \u201chacer campa\u00f1a pol\u00edtica con informaci\u00f3n parcial y manipulada. La gesti\u00f3n municipal seguir\u00e1 trabajando con responsabilidad, transparencia y compromiso con los vecinos y cada uno de los trabajadores, sin caer en operaciones medi\u00e1ticas ni provocaciones\u201d<\/p>\n\n\n\n<p>\u201cLa pol\u00edtica se honra con hechos, no con discursos oportunistas\u201d, cerraron los ediles.<\/p>\n","protected":false},"excerpt":{"rendered":"<p>Los ediles rechazaron las declaraciones difundidas por autoridades provinciales y la oposici\u00f3n local y criticaron la connivencia con el gobierno nacional y sus pol\u00edticas de ajuste._ Los ediles Roberto Ben\u00edtez, Mirta P\u00e9rez, Carlos Maidana, Rodrigo Ayala Pared, Ra\u00fal Molina y Viviana Ayala defendieron la gesti\u00f3n de la intendente Magda Ayala y criticaron el oportunismo de [&hellip;]<\/p>\n","protected":false},"author":11,"featured_media":10584,"comment_status":"open","ping_status":"open","sticky":false,"template":"","format":"standard","meta":{"footnotes":""},"categories":[28],"tags":[],"class_list":{"0":"post-10574","1":"post","2":"type-post","3":"status-publish","4":"format-standard","5":"has-post-thumbnail","7":"category-locales"},"aioseo_notices":[],"_links":{"self":[{"href":"https:\/\/lalupa24.com.ar\/index.php\/wp-json\/wp\/v2\/posts\/10574","targetHints":{"allow":["GET"]}}],"collection":[{"href":"https:\/\/lalupa24.com.ar\/index.php\/wp-json\/wp\/v2\/posts"}],"about":[{"href":"https:\/\/lalupa24.com.ar\/index.php\/wp-json\/wp\/v2\/types\/post"}],"author":[{"embeddable":true,"href":"https:\/\/lalupa24.com.ar\/index.php\/wp-json\/wp\/v2\/users\/11"}],"replies":[{"embeddable":true,"href":"https:\/\/lalupa24.com.ar\/index.php\/wp-json\/wp\/v2\/comments?post=10574"}],"version-history":[{"count":1,"href":"https:\/\/lalupa24.com.ar\/index.php\/wp-json\/wp\/v2\/posts\/10574\/revisions"}],"predecessor-version":[{"id":10586,"href":"https:\/\/lalupa24.com.ar\/index.php\/wp-json\/wp\/v2\/posts\/10574\/revisions\/10586"}],"wp:featuredmedia":[{"embeddable":true,"href":"https:\/\/lalupa24.com.ar\/index.php\/wp-json\/wp\/v2\/media\/10584"}],"wp:attachment":[{"href":"https:\/\/lalupa24.com.ar\/index.php\/wp-json\/wp\/v2\/media?parent=10574"}],"wp:term":[{"taxonomy":"category","embeddable":true,"href":"https:\/\/lalupa24.com.ar\/index.php\/wp-json\/wp\/v2\/categories?post=10574"},{"taxonomy":"post_tag","embeddable":true,"href":"https:\/\/lalupa24.com.ar\/index.php\/wp-json\/wp\/v2\/tags?post=10574"}],"curies":[{"name":"wp","href":"https:\/\/api.w.org\/{rel}","templated":true}]}}