{"id":10577,"date":"2025-08-11T11:49:38","date_gmt":"2025-08-11T14:49:38","guid":{"rendered":"https:\/\/lalupa24.com.ar\/?p=10577"},"modified":"2025-08-11T11:49:39","modified_gmt":"2025-08-11T14:49:39","slug":"luego-de-rechazar-el-acuerdo-con-la-libertad-avanza-maria-eugenia-vidal-conto-a-quien-votara-en-caba","status":"publish","type":"post","link":"https:\/\/lalupa24.com.ar\/index.php\/2025\/08\/11\/luego-de-rechazar-el-acuerdo-con-la-libertad-avanza-maria-eugenia-vidal-conto-a-quien-votara-en-caba\/","title":{"rendered":"Luego de rechazar el acuerdo con La Libertad Avanza, Mar\u00eda Eugenia Vidal cont\u00f3 a qui\u00e9n votar\u00e1 en CABA"},"content":{"rendered":"\n<p>La diputada nacional\u00a0<strong>Mar\u00eda Eugenia Vidal<\/strong>\u00a0critic\u00f3 el acuerdo electoral entre el\u00a0<strong>PRO\u00a0<\/strong>y\u00a0<strong>La Libertad Avanza (LLA)<\/strong>, al tiempo que reafirm\u00f3 su pertenencia y su convicci\u00f3n respecto a la necesidad de que el PRO conserve un perfil propio dentro del escenario pol\u00edtico nacional.\u00a0<strong>Y afirm\u00f3 que votar\u00e1 dicha alianza.<\/strong><\/p>\n","protected":false},"excerpt":{"rendered":"<p>La diputada nacional\u00a0Mar\u00eda Eugenia Vidal\u00a0critic\u00f3 el acuerdo electoral entre el\u00a0PRO\u00a0y\u00a0La Libertad Avanza (LLA), al tiempo que reafirm\u00f3 su pertenencia y su convicci\u00f3n respecto a la necesidad de que el PRO conserve un perfil propio dentro del escenario pol\u00edtico nacional.\u00a0Y afirm\u00f3 que votar\u00e1 dicha alianza.<\/p>\n","protected":false},"author":2,"featured_media":10578,"comment_status":"open","ping_status":"open","sticky":false,"template":"","format":"standard","meta":{"footnotes":""},"categories":[26],"tags":[],"class_list":{"0":"post-10577","1":"post","2":"type-post","3":"status-publish","4":"format-standard","5":"has-post-thumbnail","7":"category-nacionales"},"aioseo_notices":[],"_links":{"self":[{"href":"https:\/\/lalupa24.com.ar\/index.php\/wp-json\/wp\/v2\/posts\/10577","targetHints":{"allow":["GET"]}}],"collection":[{"href":"https:\/\/lalupa24.com.ar\/index.php\/wp-json\/wp\/v2\/posts"}],"about":[{"href":"https:\/\/lalupa24.com.ar\/index.php\/wp-json\/wp\/v2\/types\/post"}],"author":[{"embeddable":true,"href":"https:\/\/lalupa24.com.ar\/index.php\/wp-json\/wp\/v2\/users\/2"}],"replies":[{"embeddable":true,"href":"https:\/\/lalupa24.com.ar\/index.php\/wp-json\/wp\/v2\/comments?post=10577"}],"version-history":[{"count":1,"href":"https:\/\/lalupa24.com.ar\/index.php\/wp-json\/wp\/v2\/posts\/10577\/revisions"}],"predecessor-version":[{"id":10579,"href":"https:\/\/lalupa24.com.ar\/index.php\/wp-json\/wp\/v2\/posts\/10577\/revisions\/10579"}],"wp:featuredmedia":[{"embeddable":true,"href":"https:\/\/lalupa24.com.ar\/index.php\/wp-json\/wp\/v2\/media\/10578"}],"wp:attachment":[{"href":"https:\/\/lalupa24.com.ar\/index.php\/wp-json\/wp\/v2\/media?parent=10577"}],"wp:term":[{"taxonomy":"category","embeddable":true,"href":"https:\/\/lalupa24.com.ar\/index.php\/wp-json\/wp\/v2\/categories?post=10577"},{"taxonomy":"post_tag","embeddable":true,"href":"https:\/\/lalupa24.com.ar\/index.php\/wp-json\/wp\/v2\/tags?post=10577"}],"curies":[{"name":"wp","href":"https:\/\/api.w.org\/{rel}","templated":true}]}}