{"id":10580,"date":"2025-08-11T11:50:15","date_gmt":"2025-08-11T14:50:15","guid":{"rendered":"https:\/\/lalupa24.com.ar\/?p=10580"},"modified":"2025-08-11T11:50:17","modified_gmt":"2025-08-11T14:50:17","slug":"ante-la-tension-por-las-elecciones-el-gobierno-ratificara-esta-semana-sus-nuevas-medidas-para-proteger-el-deficit-cero","status":"publish","type":"post","link":"https:\/\/lalupa24.com.ar\/index.php\/2025\/08\/11\/ante-la-tension-por-las-elecciones-el-gobierno-ratificara-esta-semana-sus-nuevas-medidas-para-proteger-el-deficit-cero\/","title":{"rendered":"Ante la tensi\u00f3n por las elecciones, el Gobierno ratificar\u00e1 esta semana sus nuevas medidas para proteger el d\u00e9ficit cero"},"content":{"rendered":"\n<p>El presidente\u00a0<strong>Javier Milei<\/strong>\u00a0anunci\u00f3 la semana pasada v\u00eda cadena nacional dos medidas para ratificar el sendero econ\u00f3mico de su gesti\u00f3n ante el complejo contexto electoral: un pedido al Ministerio de Econom\u00eda para que el Tesoro<strong>\u00a0no financie el gasto primario con emisi\u00f3n<\/strong>, y un\u00a0<strong>proyecto de ley que pena proyectos presupuestarios que impliquen una vulneraci\u00f3n del d\u00e9ficit cero<\/strong>.<\/p>\n","protected":false},"excerpt":{"rendered":"<p>El presidente\u00a0Javier Milei\u00a0anunci\u00f3 la semana pasada v\u00eda cadena nacional dos medidas para ratificar el sendero econ\u00f3mico de su gesti\u00f3n ante el complejo contexto electoral: un pedido al Ministerio de Econom\u00eda para que el Tesoro\u00a0no financie el gasto primario con emisi\u00f3n, y un\u00a0proyecto de ley que pena proyectos presupuestarios que impliquen una vulneraci\u00f3n del d\u00e9ficit cero.<\/p>\n","protected":false},"author":2,"featured_media":10581,"comment_status":"open","ping_status":"open","sticky":false,"template":"","format":"standard","meta":{"footnotes":""},"categories":[26],"tags":[],"class_list":{"0":"post-10580","1":"post","2":"type-post","3":"status-publish","4":"format-standard","5":"has-post-thumbnail","7":"category-nacionales"},"aioseo_notices":[],"_links":{"self":[{"href":"https:\/\/lalupa24.com.ar\/index.php\/wp-json\/wp\/v2\/posts\/10580","targetHints":{"allow":["GET"]}}],"collection":[{"href":"https:\/\/lalupa24.com.ar\/index.php\/wp-json\/wp\/v2\/posts"}],"about":[{"href":"https:\/\/lalupa24.com.ar\/index.php\/wp-json\/wp\/v2\/types\/post"}],"author":[{"embeddable":true,"href":"https:\/\/lalupa24.com.ar\/index.php\/wp-json\/wp\/v2\/users\/2"}],"replies":[{"embeddable":true,"href":"https:\/\/lalupa24.com.ar\/index.php\/wp-json\/wp\/v2\/comments?post=10580"}],"version-history":[{"count":1,"href":"https:\/\/lalupa24.com.ar\/index.php\/wp-json\/wp\/v2\/posts\/10580\/revisions"}],"predecessor-version":[{"id":10582,"href":"https:\/\/lalupa24.com.ar\/index.php\/wp-json\/wp\/v2\/posts\/10580\/revisions\/10582"}],"wp:featuredmedia":[{"embeddable":true,"href":"https:\/\/lalupa24.com.ar\/index.php\/wp-json\/wp\/v2\/media\/10581"}],"wp:attachment":[{"href":"https:\/\/lalupa24.com.ar\/index.php\/wp-json\/wp\/v2\/media?parent=10580"}],"wp:term":[{"taxonomy":"category","embeddable":true,"href":"https:\/\/lalupa24.com.ar\/index.php\/wp-json\/wp\/v2\/categories?post=10580"},{"taxonomy":"post_tag","embeddable":true,"href":"https:\/\/lalupa24.com.ar\/index.php\/wp-json\/wp\/v2\/tags?post=10580"}],"curies":[{"name":"wp","href":"https:\/\/api.w.org\/{rel}","templated":true}]}}