{"id":10588,"date":"2025-08-11T11:53:23","date_gmt":"2025-08-11T14:53:23","guid":{"rendered":"https:\/\/lalupa24.com.ar\/?p=10588"},"modified":"2025-08-11T11:53:24","modified_gmt":"2025-08-11T14:53:24","slug":"la-batalla-de-la-libertad-avanza-por-el-senado-uno-por-uno-quienes-son-los-candidatos-que-suenan-en-las-8-provincias-que-renuevan-bancas","status":"publish","type":"post","link":"https:\/\/lalupa24.com.ar\/index.php\/2025\/08\/11\/la-batalla-de-la-libertad-avanza-por-el-senado-uno-por-uno-quienes-son-los-candidatos-que-suenan-en-las-8-provincias-que-renuevan-bancas\/","title":{"rendered":"La batalla de La Libertad Avanza por el Senado: uno por uno, qui\u00e9nes son los candidatos que suenan en las 8 provincias que renuevan bancas"},"content":{"rendered":"\n<p>La conducci\u00f3n nacional de\u00a0<strong>La Libertad Avanza<\/strong>\u00a0mira con especial atenci\u00f3n aquellas provincias que disputan cargos para el\u00a0<strong>Senado<\/strong> en las elecciones de octubre. Se trata de un \u00e1mbito donde los violetas tienen una hiperminor\u00eda pr\u00e1cticamente absoluta, con solo 6 de 72 senadores propios y un pu\u00f1ado de aliados.<\/p>\n\n\n\n<p>El domingo 26 de octubre se elegir\u00e1n 24 senadores, de los cuales\u00a0<strong>La Libertad Avanza<\/strong>\u00a0cree que puede obtener la mitad a partir de salir victoriosa en varios distritos, en algunos realiz\u00f3 alianzas con los oficialismos subnacionales (como en\u00a0<strong>Chaco<\/strong>, la\u00a0<strong>Ciudad Aut\u00f3noma de Buenos Aires<\/strong>\u00a0y\u00a0<strong>Entre R\u00edos<\/strong>) y en el resto opt\u00f3 por hacer pactos circunstanciales con partidos provinciales que pudieran darle mayor volumen y estructura a sus apuestas electorales.<\/p>\n\n\n\n<p>A diferencia de la denominaci\u00f3n que utilizaron en mayo, \u201cChaco Puede + La Libertad Avanza\u201d, la coalici\u00f3n electoral que se presentar\u00e1 en octubre se denominar\u00e1\u00a0<strong>La Libertad Avanza<\/strong>\u00a0a secas. Estar\u00e1 integrada por el partido hom\u00f3nimo y la\u00a0<strong>UCR<\/strong>; y se ampli\u00f3 la presencia de\u00a0<strong>PRO<\/strong>,\u00a0<strong>Acci\u00f3n Chaque\u00f1a<\/strong>\u00a0y\u00a0<strong>Bases y Principios de Chaco<\/strong>. Este nuevo acuerdo entre los\u00a0<strong>Milei<\/strong>\u00a0y\u00a0<strong>Leandro Zdero<\/strong>\u00a0tiene por objetivo poder ganarle a un peronismo que sigue siendo competitivo. De cualquier manera, los libertarios consideran que la alianza les bastar\u00e1 para llevarse el primer puesto y los dos senadores.<\/p>\n\n\n\n<p>LLA no tiene una cantina de figuras resonantes en la provincia. Es por eso que se presume que ah\u00ed les habr\u00edan concedido a Zdero a que ponga al primero de la boleta, quien ser\u00eda el de mayor llegada p\u00fablica. El \u00fanico senador que debe revalidar el mandatario radical es&nbsp;<strong>V\u00edctor Zimmermann<\/strong>, una persona de su estrech\u00edsima confianza y que es valorado por los libertarios. Se habla de que si ese es el escenario, la segunda pueda ser&nbsp;<strong>Ileana Aguirre<\/strong>, que es vicepresidenta de&nbsp;<strong>LLA Chaco<\/strong>&nbsp;y suele mostrarse muy cerca del gobernador en sus redes.<\/p>\n\n\n\n<p>En tanto, el presidente provincial de&nbsp;<strong>LLA<\/strong>&nbsp;es&nbsp;<strong>Alfredo \u201cCapi\u201d Rodr\u00edguez<\/strong>. El \u00fanico diputado nacional que tienen en esa provincia es&nbsp;<strong>Carlos Garc\u00eda<\/strong>, quien no tendr\u00eda problemas en ir como primer candidato a senador. En la provincia se desprende que los libertarios tendr\u00edan asignado el primer puesto para la lista de diputados, donde suena Rodr\u00edguez siendo secundado por&nbsp;<strong>Carolina Meiri\u00f1o<\/strong>, secretaria general de Gobierno. Si el presidente provincial encabeza o no es el principal dilema de los libertarios.<\/p>\n","protected":false},"excerpt":{"rendered":"<p>La conducci\u00f3n nacional de\u00a0La Libertad Avanza\u00a0mira con especial atenci\u00f3n aquellas provincias que disputan cargos para el\u00a0Senado en las elecciones de octubre. Se trata de un \u00e1mbito donde los violetas tienen una hiperminor\u00eda pr\u00e1cticamente absoluta, con solo 6 de 72 senadores propios y un pu\u00f1ado de aliados. El domingo 26 de octubre se elegir\u00e1n 24 senadores, [&hellip;]<\/p>\n","protected":false},"author":2,"featured_media":10589,"comment_status":"open","ping_status":"open","sticky":false,"template":"","format":"standard","meta":{"footnotes":""},"categories":[26],"tags":[],"class_list":{"0":"post-10588","1":"post","2":"type-post","3":"status-publish","4":"format-standard","5":"has-post-thumbnail","7":"category-nacionales"},"aioseo_notices":[],"_links":{"self":[{"href":"https:\/\/lalupa24.com.ar\/index.php\/wp-json\/wp\/v2\/posts\/10588","targetHints":{"allow":["GET"]}}],"collection":[{"href":"https:\/\/lalupa24.com.ar\/index.php\/wp-json\/wp\/v2\/posts"}],"about":[{"href":"https:\/\/lalupa24.com.ar\/index.php\/wp-json\/wp\/v2\/types\/post"}],"author":[{"embeddable":true,"href":"https:\/\/lalupa24.com.ar\/index.php\/wp-json\/wp\/v2\/users\/2"}],"replies":[{"embeddable":true,"href":"https:\/\/lalupa24.com.ar\/index.php\/wp-json\/wp\/v2\/comments?post=10588"}],"version-history":[{"count":1,"href":"https:\/\/lalupa24.com.ar\/index.php\/wp-json\/wp\/v2\/posts\/10588\/revisions"}],"predecessor-version":[{"id":10590,"href":"https:\/\/lalupa24.com.ar\/index.php\/wp-json\/wp\/v2\/posts\/10588\/revisions\/10590"}],"wp:featuredmedia":[{"embeddable":true,"href":"https:\/\/lalupa24.com.ar\/index.php\/wp-json\/wp\/v2\/media\/10589"}],"wp:attachment":[{"href":"https:\/\/lalupa24.com.ar\/index.php\/wp-json\/wp\/v2\/media?parent=10588"}],"wp:term":[{"taxonomy":"category","embeddable":true,"href":"https:\/\/lalupa24.com.ar\/index.php\/wp-json\/wp\/v2\/categories?post=10588"},{"taxonomy":"post_tag","embeddable":true,"href":"https:\/\/lalupa24.com.ar\/index.php\/wp-json\/wp\/v2\/tags?post=10588"}],"curies":[{"name":"wp","href":"https:\/\/api.w.org\/{rel}","templated":true}]}}