{"id":10593,"date":"2025-08-11T11:59:33","date_gmt":"2025-08-11T14:59:33","guid":{"rendered":"https:\/\/lalupa24.com.ar\/?p=10593"},"modified":"2025-08-11T11:59:34","modified_gmt":"2025-08-11T14:59:34","slug":"ni-un-atisbo-de-independencia-la-carta-de-milei-sobre-la-politica-monetaria-desperto-el-debate-sobre-la-autonomia-del-bcra","status":"publish","type":"post","link":"https:\/\/lalupa24.com.ar\/index.php\/2025\/08\/11\/ni-un-atisbo-de-independencia-la-carta-de-milei-sobre-la-politica-monetaria-desperto-el-debate-sobre-la-autonomia-del-bcra\/","title":{"rendered":"\u201cNi un atisbo de independencia\u201d: la carta de Milei sobre la pol\u00edtica monetaria despert\u00f3 el debate sobre la autonom\u00eda del BCRA"},"content":{"rendered":"\n<p>La publicaci\u00f3n de una columna firmada por el presidente\u00a0<strong>Javier Milei\u00a0<\/strong>en la web oficial del Banco Central (\u201cAspectos esenciales del an\u00e1lisis monetario\u201d) abri\u00f3 un intenso debate sobre el grado de independencia institucional con el que opera la autoridad monetaria. En el texto, Milei defendi\u00f3 el esquema cambiario y monetario vigente y busc\u00f3 desactivar la idea de que la reciente suba del d\u00f3lar pueda trasladarse a precios.<\/p>\n","protected":false},"excerpt":{"rendered":"<p>La publicaci\u00f3n de una columna firmada por el presidente\u00a0Javier Milei\u00a0en la web oficial del Banco Central (\u201cAspectos esenciales del an\u00e1lisis monetario\u201d) abri\u00f3 un intenso debate sobre el grado de independencia institucional con el que opera la autoridad monetaria. En el texto, Milei defendi\u00f3 el esquema cambiario y monetario vigente y busc\u00f3 desactivar la idea de [&hellip;]<\/p>\n","protected":false},"author":2,"featured_media":10594,"comment_status":"open","ping_status":"open","sticky":false,"template":"","format":"standard","meta":{"footnotes":""},"categories":[26],"tags":[],"class_list":{"0":"post-10593","1":"post","2":"type-post","3":"status-publish","4":"format-standard","5":"has-post-thumbnail","7":"category-nacionales"},"aioseo_notices":[],"_links":{"self":[{"href":"https:\/\/lalupa24.com.ar\/index.php\/wp-json\/wp\/v2\/posts\/10593","targetHints":{"allow":["GET"]}}],"collection":[{"href":"https:\/\/lalupa24.com.ar\/index.php\/wp-json\/wp\/v2\/posts"}],"about":[{"href":"https:\/\/lalupa24.com.ar\/index.php\/wp-json\/wp\/v2\/types\/post"}],"author":[{"embeddable":true,"href":"https:\/\/lalupa24.com.ar\/index.php\/wp-json\/wp\/v2\/users\/2"}],"replies":[{"embeddable":true,"href":"https:\/\/lalupa24.com.ar\/index.php\/wp-json\/wp\/v2\/comments?post=10593"}],"version-history":[{"count":1,"href":"https:\/\/lalupa24.com.ar\/index.php\/wp-json\/wp\/v2\/posts\/10593\/revisions"}],"predecessor-version":[{"id":10595,"href":"https:\/\/lalupa24.com.ar\/index.php\/wp-json\/wp\/v2\/posts\/10593\/revisions\/10595"}],"wp:featuredmedia":[{"embeddable":true,"href":"https:\/\/lalupa24.com.ar\/index.php\/wp-json\/wp\/v2\/media\/10594"}],"wp:attachment":[{"href":"https:\/\/lalupa24.com.ar\/index.php\/wp-json\/wp\/v2\/media?parent=10593"}],"wp:term":[{"taxonomy":"category","embeddable":true,"href":"https:\/\/lalupa24.com.ar\/index.php\/wp-json\/wp\/v2\/categories?post=10593"},{"taxonomy":"post_tag","embeddable":true,"href":"https:\/\/lalupa24.com.ar\/index.php\/wp-json\/wp\/v2\/tags?post=10593"}],"curies":[{"name":"wp","href":"https:\/\/api.w.org\/{rel}","templated":true}]}}