{"id":10660,"date":"2025-08-12T19:56:14","date_gmt":"2025-08-12T22:56:14","guid":{"rendered":"https:\/\/lalupa24.com.ar\/?p=10660"},"modified":"2025-08-12T19:56:15","modified_gmt":"2025-08-12T22:56:15","slug":"sameep-reparo-el-cano-del-anillado-de-saenz-pena-y-restablecio-el-servicio-de-agua-potable","status":"publish","type":"post","link":"https:\/\/lalupa24.com.ar\/index.php\/2025\/08\/12\/sameep-reparo-el-cano-del-anillado-de-saenz-pena-y-restablecio-el-servicio-de-agua-potable\/","title":{"rendered":"SAMEEP REPAR\u00d3 EL CA\u00d1O DEL ANILLADO DE S\u00c1ENZ PE\u00d1A Y RESTABLECI\u00d3 EL SERVICIO DE AGUA POTABLE"},"content":{"rendered":"\n<p><strong>Las tareas estuvieron a cargo del Sector Emergencia calle 13, perteneciente a la Gerencia de Servicios, con la coordinaci\u00f3n de Zona II.<br><\/strong>El presidente de Sameep, Ing. Nicol\u00e1s Diez destac\u00f3 \u201cresaltamos la labor y la buena predisposici\u00f3n de los agentes para poder restablecer el servicio de agua potable, dando el m\u00e1ximo de los esfuerzos para poder brindar un \u00f3ptimo abastecimiento a los hogares e instituciones de la ciudad de S\u00e1enz Pe\u00f1a. Fue un trabajo importante porque son ca\u00f1os de grandes dimensiones y lleva tiempo repararlos\u201d.<br>En este sentido, el ingeniero Diez se\u00f1al\u00f3 que \u201cuna vez solucionada la contingencia, el servicio se normaliza paulatinamente reestableci\u00e9ndose la presi\u00f3n y el caudal adecuado\u201d.<br>Por su parte, el gerente de Servicios, Maximiliano San Mart\u00edn subray\u00f3 que &#8220;estos trabajos fueron realizados por el personal del Sector Emergencias. Una vez que finalizaron los mismos, el servicio se fue restableciendo con la presi\u00f3n y el caudal adecuado&#8221;.<br>Finalmente, el coordinador de zona II, Ing. Jos\u00e9 Mart\u00edn se\u00f1al\u00f3 que \u201cdesde esta gesti\u00f3n se tiene el compromiso de garantizar un servicio \u00f3ptimo de agua potable en toda la provincia y por ello se trabaja arduamente para responder a cada inconveniente. Fue arduo el trabajo en S\u00e1enz Pe\u00f1a pero pudimos solucionarlo&#8221;, concluy\u00f3 el gerente de Servicios.<\/p>\n","protected":false},"excerpt":{"rendered":"<p>Las tareas estuvieron a cargo del Sector Emergencia calle 13, perteneciente a la Gerencia de Servicios, con la coordinaci\u00f3n de Zona II.El presidente de Sameep, Ing. Nicol\u00e1s Diez destac\u00f3 \u201cresaltamos la labor y la buena predisposici\u00f3n de los agentes para poder restablecer el servicio de agua potable, dando el m\u00e1ximo de los esfuerzos para poder [&hellip;]<\/p>\n","protected":false},"author":2,"featured_media":10661,"comment_status":"open","ping_status":"open","sticky":false,"template":"","format":"standard","meta":{"footnotes":""},"categories":[28],"tags":[],"class_list":{"0":"post-10660","1":"post","2":"type-post","3":"status-publish","4":"format-standard","5":"has-post-thumbnail","7":"category-locales"},"aioseo_notices":[],"_links":{"self":[{"href":"https:\/\/lalupa24.com.ar\/index.php\/wp-json\/wp\/v2\/posts\/10660","targetHints":{"allow":["GET"]}}],"collection":[{"href":"https:\/\/lalupa24.com.ar\/index.php\/wp-json\/wp\/v2\/posts"}],"about":[{"href":"https:\/\/lalupa24.com.ar\/index.php\/wp-json\/wp\/v2\/types\/post"}],"author":[{"embeddable":true,"href":"https:\/\/lalupa24.com.ar\/index.php\/wp-json\/wp\/v2\/users\/2"}],"replies":[{"embeddable":true,"href":"https:\/\/lalupa24.com.ar\/index.php\/wp-json\/wp\/v2\/comments?post=10660"}],"version-history":[{"count":1,"href":"https:\/\/lalupa24.com.ar\/index.php\/wp-json\/wp\/v2\/posts\/10660\/revisions"}],"predecessor-version":[{"id":10662,"href":"https:\/\/lalupa24.com.ar\/index.php\/wp-json\/wp\/v2\/posts\/10660\/revisions\/10662"}],"wp:featuredmedia":[{"embeddable":true,"href":"https:\/\/lalupa24.com.ar\/index.php\/wp-json\/wp\/v2\/media\/10661"}],"wp:attachment":[{"href":"https:\/\/lalupa24.com.ar\/index.php\/wp-json\/wp\/v2\/media?parent=10660"}],"wp:term":[{"taxonomy":"category","embeddable":true,"href":"https:\/\/lalupa24.com.ar\/index.php\/wp-json\/wp\/v2\/categories?post=10660"},{"taxonomy":"post_tag","embeddable":true,"href":"https:\/\/lalupa24.com.ar\/index.php\/wp-json\/wp\/v2\/tags?post=10660"}],"curies":[{"name":"wp","href":"https:\/\/api.w.org\/{rel}","templated":true}]}}