{"id":10680,"date":"2025-07-01T10:40:50","date_gmt":"2025-07-01T13:40:50","guid":{"rendered":"https:\/\/lalupa24.com.ar\/?p=10680"},"modified":"2025-08-13T10:42:30","modified_gmt":"2025-08-13T13:42:30","slug":"coparticipacion-intendentes-chaquenos-se-suman-al-pedido-de-gobernadores","status":"publish","type":"post","link":"https:\/\/lalupa24.com.ar\/index.php\/2025\/07\/01\/coparticipacion-intendentes-chaquenos-se-suman-al-pedido-de-gobernadores\/","title":{"rendered":"Coparticipaci\u00f3n, intendentes chaque\u00f1os se suman al pedido de gobernadores"},"content":{"rendered":"\n<p><\/p>\n\n\n\n<p>En conferencia de prensa, dirigente de distintas localidades expresaron su preocupaci\u00f3n por la falta de recursos y el ajuste aplicado desde el gobierno nacional.<\/p>\n\n\n\n<p>En la ma\u00f1ana de este martes, intendentes chaque\u00f1os del partido justicialista se sumaron p\u00fablicamente al planteo de los 23 gobernadores del pa\u00eds y el jefe de Gobierno de la Ciudad Aut\u00f3noma de Buenos Aires para ampliar los recursos coparticipables que recibe cada jurisdicci\u00f3n. En este marco, describieron la cr\u00edtica situaci\u00f3n que atraviesa cada municipio con la baja de ingresos, la ca\u00edda de la actividad econ\u00f3mica y la creciente demanda de asistencia social por parte de la comunidad.<\/p>\n\n\n\n<p>\u201cEs importante poner sobre la mesa la situaci\u00f3n que estamos atravesando todos los intendentes de la provincia. Somos la primera puerta de cada localidad y hoy por el ajuste que lleva adelante el gobierno nacional es cada vez m\u00e1s limitado el acompa\u00f1amiento que podemos dar a nuestra comunidad. Esto nos duele y nos preocupa\u201d, comenz\u00f3 diciendo ante los medios la intendente de Barranqueras, Magda Ayala.<\/p>\n\n\n\n<p>En la oportunidad, estuvieron presentes y apoyando este pedido los jefes comunales de Miraflores, Rafael Fr\u00edas; de Taco Pozo, Carlos Antonio Ib\u00e1\u00f1ez; de San Bernardo, Silvio Miguel Sotelo; de Charadai, Eladio Fabi\u00e1n Aguirre; de Corzuela, Rafael Rub\u00e9n Carrara; de Gancedo, Adriana Stacchiotti; de Colonia Ben\u00edtez, Sergio Phipps; de Margarita Bel\u00e9n, Javier Mart\u00ednez; de La Leonesa, Jos\u00e9 Carbajal; de Colonias Unidas, Alicia Leiva; Juan Garc\u00eda de Machagai y Marcelo Gonz\u00e1lez de Puerto Vilelas.<\/p>\n\n\n\n<p>\u201cTodos los d\u00edas dentro de los municipios nos hacemos cargo de materias que no son nuestras, relacionadas a la salud, a la educaci\u00f3n y a la seguridad. Ni hablar de los pedidos de acompa\u00f1amiento social, as\u00ed como en lo productivo e industrial, sectores que est\u00e1n completamente destruidos\u201d, continu\u00f3 graficando Ayala.<\/p>\n\n\n\n<p>En la oportunidad, los intendentes pidieron ser incluidos en el proyecto de ley que presentar\u00e1n los 23 gobernadores a fin de hacer coparticipable el Impuesto a los Combustibles L\u00edquidos (ICL) y los ATN (Aportes del Tesoro Nacional). Cabe destacar que la medida no implica ning\u00fan tipo de aumento de impuestos para los contribuyentes, sino que apunta a lograr una mejor distribuci\u00f3n de la recaudaci\u00f3n existente en la actualidad. Este tipo de acci\u00f3n se vuelve necesaria ante la ca\u00edda de recursos en las provincias, que alcanza un 23% en t\u00e9rminos reales.<\/p>\n\n\n\n<p>\u201cNos sumamos a este planteo pero tambi\u00e9n queremos hacer un pedido especial desde los municipios que estamos sufriendo una baja considerable en la coparticipaci\u00f3n, que es con lo que hacemos el trabajo en territorio todos los d\u00edas. Necesitamos estar en esa lista tambi\u00e9n para que esos recursos puedan ser coparticipables para los municipios\u201d, detall\u00f3 la intendente de Barranqueras.<\/p>\n\n\n\n<p>En la misma l\u00ednea, el intendente de Machagai, Juan Manuel Garc\u00eda, se\u00f1al\u00f3: \u201cAs\u00ed como los gobernadores plantean que la distribuci\u00f3n no sea discrecional, nosotros queremos un reparto equitativo de parte del estado provincial a todos los municipios\u201d.<\/p>\n\n\n\n<p>Los funcionarios adelantaron que tambi\u00e9n dialogar\u00e1n con legisladores nacionales y reiteraron su pedido para concretar una audiencia con el gobernador Leandro Zdero. \u201cNecesitamos discutir herramientas que atiendan la coyuntura y acordar un plan de trabajo\u201d, expres\u00f3 Garc\u00eda ante la falta de respuestas del estado provincial.<\/p>\n\n\n\n<p>Para finalizar, reiter\u00f3 su preocupaci\u00f3n y la de sus colegas por la situaci\u00f3n de la provincia y el rechazo a las medidas nacionales que afectan directamente al desarrollo productivo provincial, c\u00f3mo la eliminaci\u00f3n por decreto de la ley 20.060 -que cre\u00f3 el Fondo Sostenible del Algod\u00f3n-, as\u00ed como la intenci\u00f3n de cierre del INTA y el INTI, entre otras.<\/p>\n","protected":false},"excerpt":{"rendered":"<p>En conferencia de prensa, dirigente de distintas localidades expresaron su preocupaci\u00f3n por la falta de recursos y el ajuste aplicado desde el gobierno nacional. En la ma\u00f1ana de este martes, intendentes chaque\u00f1os del partido justicialista se sumaron p\u00fablicamente al planteo de los 23 gobernadores del pa\u00eds y el jefe de Gobierno de la Ciudad Aut\u00f3noma [&hellip;]<\/p>\n","protected":false},"author":2,"featured_media":10681,"comment_status":"open","ping_status":"open","sticky":false,"template":"","format":"standard","meta":{"footnotes":""},"categories":[28],"tags":[],"class_list":{"0":"post-10680","1":"post","2":"type-post","3":"status-publish","4":"format-standard","5":"has-post-thumbnail","7":"category-locales"},"aioseo_notices":[],"_links":{"self":[{"href":"https:\/\/lalupa24.com.ar\/index.php\/wp-json\/wp\/v2\/posts\/10680","targetHints":{"allow":["GET"]}}],"collection":[{"href":"https:\/\/lalupa24.com.ar\/index.php\/wp-json\/wp\/v2\/posts"}],"about":[{"href":"https:\/\/lalupa24.com.ar\/index.php\/wp-json\/wp\/v2\/types\/post"}],"author":[{"embeddable":true,"href":"https:\/\/lalupa24.com.ar\/index.php\/wp-json\/wp\/v2\/users\/2"}],"replies":[{"embeddable":true,"href":"https:\/\/lalupa24.com.ar\/index.php\/wp-json\/wp\/v2\/comments?post=10680"}],"version-history":[{"count":1,"href":"https:\/\/lalupa24.com.ar\/index.php\/wp-json\/wp\/v2\/posts\/10680\/revisions"}],"predecessor-version":[{"id":10682,"href":"https:\/\/lalupa24.com.ar\/index.php\/wp-json\/wp\/v2\/posts\/10680\/revisions\/10682"}],"wp:featuredmedia":[{"embeddable":true,"href":"https:\/\/lalupa24.com.ar\/index.php\/wp-json\/wp\/v2\/media\/10681"}],"wp:attachment":[{"href":"https:\/\/lalupa24.com.ar\/index.php\/wp-json\/wp\/v2\/media?parent=10680"}],"wp:term":[{"taxonomy":"category","embeddable":true,"href":"https:\/\/lalupa24.com.ar\/index.php\/wp-json\/wp\/v2\/categories?post=10680"},{"taxonomy":"post_tag","embeddable":true,"href":"https:\/\/lalupa24.com.ar\/index.php\/wp-json\/wp\/v2\/tags?post=10680"}],"curies":[{"name":"wp","href":"https:\/\/api.w.org\/{rel}","templated":true}]}}