{"id":10689,"date":"2025-08-13T11:32:15","date_gmt":"2025-08-13T14:32:15","guid":{"rendered":"https:\/\/lalupa24.com.ar\/?p=10689"},"modified":"2025-08-13T11:32:16","modified_gmt":"2025-08-13T14:32:16","slug":"alianza-lla-pro-karina-milei-lleva-las-riendas-de-la-campana-bonaerense-y-planea-hacer-lo-mismo-en-caba","status":"publish","type":"post","link":"https:\/\/lalupa24.com.ar\/index.php\/2025\/08\/13\/alianza-lla-pro-karina-milei-lleva-las-riendas-de-la-campana-bonaerense-y-planea-hacer-lo-mismo-en-caba\/","title":{"rendered":"Alianza LLA-PRO: Karina Milei lleva las riendas de la campa\u00f1a bonaerense y planea hacer lo mismo en CABA."},"content":{"rendered":"\n<p>Sinton\u00eda en la provincia de Buenos Aires, distancia en la Ciudad. Aunque LLA y el PRO armaron un esquema de alianza en ambos distritos,\u00a0<strong>en un lado de la General Paz hay sinton\u00eda entre los caciques de ambos partidos; en el otro, distancia total y augurios de escasa colaboraci\u00f3n en la campa\u00f1a.<\/strong>\u00a0En ambos casos, est\u00e1 previsto que Karina Milei lidere la estrategia y los amarillos la sigan.<\/p>\n\n\n\n<p>En PBA, el jefe del PRO local,\u00a0<strong>Cristian Ritondo, art\u00edfice central del acuerdo a pesar de las desavenencias entre los liderazgos nacionales,\u00a0<\/strong>est\u00e1 involucrado. De hecho, en la primera foto de campa\u00f1a, en Villa Celina (La Matanza), estuvo presente y se puso el buzo violeta que dise\u00f1aron los libertarios.<\/p>\n","protected":false},"excerpt":{"rendered":"<p>Sinton\u00eda en la provincia de Buenos Aires, distancia en la Ciudad. Aunque LLA y el PRO armaron un esquema de alianza en ambos distritos,\u00a0en un lado de la General Paz hay sinton\u00eda entre los caciques de ambos partidos; en el otro, distancia total y augurios de escasa colaboraci\u00f3n en la campa\u00f1a.\u00a0En ambos casos, est\u00e1 previsto [&hellip;]<\/p>\n","protected":false},"author":2,"featured_media":10690,"comment_status":"open","ping_status":"open","sticky":false,"template":"","format":"standard","meta":{"footnotes":""},"categories":[26],"tags":[],"class_list":{"0":"post-10689","1":"post","2":"type-post","3":"status-publish","4":"format-standard","5":"has-post-thumbnail","7":"category-nacionales"},"aioseo_notices":[],"_links":{"self":[{"href":"https:\/\/lalupa24.com.ar\/index.php\/wp-json\/wp\/v2\/posts\/10689","targetHints":{"allow":["GET"]}}],"collection":[{"href":"https:\/\/lalupa24.com.ar\/index.php\/wp-json\/wp\/v2\/posts"}],"about":[{"href":"https:\/\/lalupa24.com.ar\/index.php\/wp-json\/wp\/v2\/types\/post"}],"author":[{"embeddable":true,"href":"https:\/\/lalupa24.com.ar\/index.php\/wp-json\/wp\/v2\/users\/2"}],"replies":[{"embeddable":true,"href":"https:\/\/lalupa24.com.ar\/index.php\/wp-json\/wp\/v2\/comments?post=10689"}],"version-history":[{"count":1,"href":"https:\/\/lalupa24.com.ar\/index.php\/wp-json\/wp\/v2\/posts\/10689\/revisions"}],"predecessor-version":[{"id":10691,"href":"https:\/\/lalupa24.com.ar\/index.php\/wp-json\/wp\/v2\/posts\/10689\/revisions\/10691"}],"wp:featuredmedia":[{"embeddable":true,"href":"https:\/\/lalupa24.com.ar\/index.php\/wp-json\/wp\/v2\/media\/10690"}],"wp:attachment":[{"href":"https:\/\/lalupa24.com.ar\/index.php\/wp-json\/wp\/v2\/media?parent=10689"}],"wp:term":[{"taxonomy":"category","embeddable":true,"href":"https:\/\/lalupa24.com.ar\/index.php\/wp-json\/wp\/v2\/categories?post=10689"},{"taxonomy":"post_tag","embeddable":true,"href":"https:\/\/lalupa24.com.ar\/index.php\/wp-json\/wp\/v2\/tags?post=10689"}],"curies":[{"name":"wp","href":"https:\/\/api.w.org\/{rel}","templated":true}]}}