{"id":10692,"date":"2025-08-13T11:32:45","date_gmt":"2025-08-13T14:32:45","guid":{"rendered":"https:\/\/lalupa24.com.ar\/?p=10692"},"modified":"2025-08-13T11:32:46","modified_gmt":"2025-08-13T14:32:46","slug":"maximo-kirchner-convocara-a-elecciones-en-el-pj-bonaerense-y-se-abre-otro-frente-interno-en-el-peronismo","status":"publish","type":"post","link":"https:\/\/lalupa24.com.ar\/index.php\/2025\/08\/13\/maximo-kirchner-convocara-a-elecciones-en-el-pj-bonaerense-y-se-abre-otro-frente-interno-en-el-peronismo\/","title":{"rendered":"M\u00e1ximo Kirchner convocar\u00e1 a elecciones en el PJ bonaerense y se abre otro frente interno en el peronismo"},"content":{"rendered":"\n<p>El Partido Justicialista de la provincia de Buenos Aires renovar\u00e1 sus autoridades en el tramo final de este a\u00f1o. Al menos, as\u00ed lo delinea su presidente, el diputado nacional,\u00a0<strong>M\u00e1ximo Kirchner,<\/strong>\u00a0a quien en diciembre del 2025 se le acaba el mandato al frente del \u00f3rgano partidario y no se descarta que haya internas partidarias.<\/p>\n","protected":false},"excerpt":{"rendered":"<p>El Partido Justicialista de la provincia de Buenos Aires renovar\u00e1 sus autoridades en el tramo final de este a\u00f1o. Al menos, as\u00ed lo delinea su presidente, el diputado nacional,\u00a0M\u00e1ximo Kirchner,\u00a0a quien en diciembre del 2025 se le acaba el mandato al frente del \u00f3rgano partidario y no se descarta que haya internas partidarias.<\/p>\n","protected":false},"author":2,"featured_media":10693,"comment_status":"open","ping_status":"open","sticky":false,"template":"","format":"standard","meta":{"footnotes":""},"categories":[26],"tags":[],"class_list":{"0":"post-10692","1":"post","2":"type-post","3":"status-publish","4":"format-standard","5":"has-post-thumbnail","7":"category-nacionales"},"aioseo_notices":[],"_links":{"self":[{"href":"https:\/\/lalupa24.com.ar\/index.php\/wp-json\/wp\/v2\/posts\/10692","targetHints":{"allow":["GET"]}}],"collection":[{"href":"https:\/\/lalupa24.com.ar\/index.php\/wp-json\/wp\/v2\/posts"}],"about":[{"href":"https:\/\/lalupa24.com.ar\/index.php\/wp-json\/wp\/v2\/types\/post"}],"author":[{"embeddable":true,"href":"https:\/\/lalupa24.com.ar\/index.php\/wp-json\/wp\/v2\/users\/2"}],"replies":[{"embeddable":true,"href":"https:\/\/lalupa24.com.ar\/index.php\/wp-json\/wp\/v2\/comments?post=10692"}],"version-history":[{"count":1,"href":"https:\/\/lalupa24.com.ar\/index.php\/wp-json\/wp\/v2\/posts\/10692\/revisions"}],"predecessor-version":[{"id":10694,"href":"https:\/\/lalupa24.com.ar\/index.php\/wp-json\/wp\/v2\/posts\/10692\/revisions\/10694"}],"wp:featuredmedia":[{"embeddable":true,"href":"https:\/\/lalupa24.com.ar\/index.php\/wp-json\/wp\/v2\/media\/10693"}],"wp:attachment":[{"href":"https:\/\/lalupa24.com.ar\/index.php\/wp-json\/wp\/v2\/media?parent=10692"}],"wp:term":[{"taxonomy":"category","embeddable":true,"href":"https:\/\/lalupa24.com.ar\/index.php\/wp-json\/wp\/v2\/categories?post=10692"},{"taxonomy":"post_tag","embeddable":true,"href":"https:\/\/lalupa24.com.ar\/index.php\/wp-json\/wp\/v2\/tags?post=10692"}],"curies":[{"name":"wp","href":"https:\/\/api.w.org\/{rel}","templated":true}]}}