{"id":10695,"date":"2025-08-13T11:33:18","date_gmt":"2025-08-13T14:33:18","guid":{"rendered":"https:\/\/lalupa24.com.ar\/?p=10695"},"modified":"2025-08-13T11:33:20","modified_gmt":"2025-08-13T14:33:20","slug":"los-trabajadores-del-hospital-garrahan-iniciaron-un-nuevo-paro-por-24-horas-y-se-movilizaron-para-exigir-mejora-salarial","status":"publish","type":"post","link":"https:\/\/lalupa24.com.ar\/index.php\/2025\/08\/13\/los-trabajadores-del-hospital-garrahan-iniciaron-un-nuevo-paro-por-24-horas-y-se-movilizaron-para-exigir-mejora-salarial\/","title":{"rendered":"Los trabajadores del Hospital Garrahan iniciaron un nuevo paro por 24 horas y se movilizaron para exigir mejora salarial"},"content":{"rendered":"\n<p>Los\u00a0<strong>trabajadores del\u00a0Hospital Garrahan<\/strong>\u00a0iniciaron un nuevo paro total de actividades por 24 horas, desde las 7 de la ma\u00f1ana, en reclamo de la\u00a0<strong>sanci\u00f3n urgente y aplicaci\u00f3n efectiva de la Ley de Emergencia Pedi\u00e1trica<\/strong>, con la implementaci\u00f3n inmediata de un aumento salarial. Adem\u00e1s, se movilizaron desde las 10.30 hacia la sede central de la\u00a0<strong>obra social Uni\u00f3n Personal<\/strong>, en\u00a0<strong>Tucum\u00e1n 949<\/strong>, para exigir el fin de los cobros adicionales que la entidad implement\u00f3 desde el 1\u00b0 de agosto.<\/p>\n","protected":false},"excerpt":{"rendered":"<p>Los\u00a0trabajadores del\u00a0Hospital Garrahan\u00a0iniciaron un nuevo paro total de actividades por 24 horas, desde las 7 de la ma\u00f1ana, en reclamo de la\u00a0sanci\u00f3n urgente y aplicaci\u00f3n efectiva de la Ley de Emergencia Pedi\u00e1trica, con la implementaci\u00f3n inmediata de un aumento salarial. Adem\u00e1s, se movilizaron desde las 10.30 hacia la sede central de la\u00a0obra social Uni\u00f3n Personal, [&hellip;]<\/p>\n","protected":false},"author":2,"featured_media":10696,"comment_status":"open","ping_status":"open","sticky":false,"template":"","format":"standard","meta":{"footnotes":""},"categories":[26],"tags":[],"class_list":{"0":"post-10695","1":"post","2":"type-post","3":"status-publish","4":"format-standard","5":"has-post-thumbnail","7":"category-nacionales"},"aioseo_notices":[],"_links":{"self":[{"href":"https:\/\/lalupa24.com.ar\/index.php\/wp-json\/wp\/v2\/posts\/10695","targetHints":{"allow":["GET"]}}],"collection":[{"href":"https:\/\/lalupa24.com.ar\/index.php\/wp-json\/wp\/v2\/posts"}],"about":[{"href":"https:\/\/lalupa24.com.ar\/index.php\/wp-json\/wp\/v2\/types\/post"}],"author":[{"embeddable":true,"href":"https:\/\/lalupa24.com.ar\/index.php\/wp-json\/wp\/v2\/users\/2"}],"replies":[{"embeddable":true,"href":"https:\/\/lalupa24.com.ar\/index.php\/wp-json\/wp\/v2\/comments?post=10695"}],"version-history":[{"count":1,"href":"https:\/\/lalupa24.com.ar\/index.php\/wp-json\/wp\/v2\/posts\/10695\/revisions"}],"predecessor-version":[{"id":10697,"href":"https:\/\/lalupa24.com.ar\/index.php\/wp-json\/wp\/v2\/posts\/10695\/revisions\/10697"}],"wp:featuredmedia":[{"embeddable":true,"href":"https:\/\/lalupa24.com.ar\/index.php\/wp-json\/wp\/v2\/media\/10696"}],"wp:attachment":[{"href":"https:\/\/lalupa24.com.ar\/index.php\/wp-json\/wp\/v2\/media?parent=10695"}],"wp:term":[{"taxonomy":"category","embeddable":true,"href":"https:\/\/lalupa24.com.ar\/index.php\/wp-json\/wp\/v2\/categories?post=10695"},{"taxonomy":"post_tag","embeddable":true,"href":"https:\/\/lalupa24.com.ar\/index.php\/wp-json\/wp\/v2\/tags?post=10695"}],"curies":[{"name":"wp","href":"https:\/\/api.w.org\/{rel}","templated":true}]}}