{"id":10710,"date":"2025-08-13T11:39:11","date_gmt":"2025-08-13T14:39:11","guid":{"rendered":"https:\/\/lalupa24.com.ar\/?p=10710"},"modified":"2025-08-13T11:39:12","modified_gmt":"2025-08-13T14:39:12","slug":"uno-por-uno-quienes-se-encaminan-a-ser-los-candidatos-del-peronismo-en-las-provincias-que-eligen-senadores","status":"publish","type":"post","link":"https:\/\/lalupa24.com.ar\/index.php\/2025\/08\/13\/uno-por-uno-quienes-se-encaminan-a-ser-los-candidatos-del-peronismo-en-las-provincias-que-eligen-senadores\/","title":{"rendered":"Uno por uno, qui\u00e9nes se encaminan a ser los candidatos del peronismo en las provincias que eligen senadores"},"content":{"rendered":"\n<p>El\u00a0<strong>peronismo nacional\u00a0<\/strong>se alista para enfrentar las elecciones de medio t\u00e9rmino ante La Libertad Avanza (LLA), que se presenta como la principal opci\u00f3n para medir fuerzas en el territorio. Si bien hay otras alternativas en cancha, la real disputa se dar\u00e1 entre esas dos expresiones pol\u00edticas, en una marcada polarizaci\u00f3n del escenario electoral.<\/p>\n\n\n\n<p>Uno de los datos trascendentes del resultado ser\u00e1 el nombre y apellido de quienes ingresen al Senado. En esta oportunidad se eligen senadores en ocho provincias:\u00a0<strong>Salta, Chaco, Santiago del Estero, Entre R\u00edos, Ciudad de Buenos Aires, Neuqu\u00e9n, R\u00edo Negro y Tierra del Fuego.<\/strong><\/p>\n\n\n\n<p>Si bien quedan cinco d\u00edas enteros para negociar el armado de las listas y, sobre todo, definir la cabeza, en algunos distritos hay nombres propios que parecen inamovibles para encarar la disputa del 26 de octubre. La rosca pol\u00edtica estar\u00e1 activa hasta \u00faltimo momento, para sumar y restar los intereses de las distintas facciones del peronismo.<\/p>\n\n\n\n<p>En\u00a0<strong>Salta<\/strong>\u00a0el nombre que est\u00e1 firme es el de\u00a0<strong>Juan Manuel Urtubey<\/strong>. El ex gobernador ser\u00eda el primer candidato a senador de Fuerza Patria, espacio al que ya se integr\u00f3 la \u00faltima semana, luego de una d\u00e9cada distanciado del kirchnerismo. Antes de que Urtubey se defina a jugar, el nombre que sonaba con fuerza para ese lugar era el de\u00a0<strong>Sergio \u201cOso\u201d Leavy<\/strong>, que actualmente forma parte de la C\u00e1mara alta.<\/p>\n\n\n\n<p>Por el momento, la diputada&nbsp;<strong>Pamela Caletti<\/strong>, que responde al gobernador&nbsp;<strong>Gustavo S\u00e1enz<\/strong>, se presentar\u00eda por el frente del oficialismo provincial. La indefinici\u00f3n sobre esa situaci\u00f3n est\u00e1 atada a que existen negociaciones subterr\u00e1neas entre el peronismo y la legisladora para poder sumarla a una de las dos listas legislativas.<\/p>\n\n\n\n<p>El Gobernador podr\u00eda desmembrar el frente que present\u00f3 y jugar impl\u00edcitamente a favor de la boleta del peronismo. Son horas cruciales en el norte, ya que los n\u00fameros que recibe no son buenos porque el escenario est\u00e1 h\u00edperpolarizado entre LLA y el peronismo. Debe evitar que una derrota impacte sobre su escritorio, luego del golpe de efecto que sufri\u00f3 cuando los libertarios ganaron la capital poco tiempo atr\u00e1s.<\/p>\n\n\n\n<p>Seg\u00fan el \u00faltimo sondeo de la consultora&nbsp;<em>CB<\/em>, que es consumida con asiduidad en la pol\u00edtica salte\u00f1a, LLA con Alfredo Olmedo como candidato aparece en el primer lugar con un 36,8%, en el segundo lugar est\u00e1 Fuerza Patria con la figura de Urtubey como candidato con el 27,3% y en el tercer escal\u00f3n se asoma el Frente Provincia, que responde a S\u00e1enz y llevar\u00eda a Caletti como candidata, con el 6,8%. Hay tambi\u00e9n dos datos que definen el marco en el que se dar\u00e1 la elecci\u00f3n. El 7,8% votar\u00eda en blanco, mientras que el 17,2% respondi\u00f3 que no sabe a qui\u00e9n votar\u00e1.<\/p>\n\n\n\n<p>Sin Caletti en cancha y con un alto porcentaje de indecisos, en el peronismo asumen que tienen m\u00e1s posibilidades de ser competitivos contra la lista libertaria que encabezar\u00e1<strong>&nbsp;Olmedo<\/strong>. El hist\u00f3rico dirigente de campera amarilla consolid\u00f3 una alianza con los libertarios y es el padrino pol\u00edtico de<strong>&nbsp;Emilia Orozco,&nbsp;<\/strong>la diputada nacional libertaria que estuvo al frente del armado de listas en las elecciones locales y que en el 2027 aspira a ser candidata a gobernadora.<\/p>\n\n\n\n<p>En&nbsp;<strong>Chaco<\/strong>&nbsp;el nombre inamovible es el de&nbsp;<strong>Jorge \u201cCoqui\u201d Capitanich.<\/strong>&nbsp;El ex gobernador es una de las espadas hist\u00f3ricas del peronismo que estar\u00e1 presente en esta disputa electoral. En esta oportunidad logr\u00f3 generar un acuerdo m\u00e1s amplio que en las elecciones locales, al poder unir fuerzas con la intendenta de Barranquitas,&nbsp;<strong>Magda Ayala<\/strong>, que en los comicios chaque\u00f1os fue por su cuenta y obtuvo el 11% de los votos. Una cantidad de sufragios clave para poder ganar una elecci\u00f3n que pinta ser muy re\u00f1ida.<\/p>\n\n\n\n<p>En&nbsp;<strong>Santiago del Estero&nbsp;<\/strong>hay dos candidatos cantados. El primero es el actual gobernador,<strong>&nbsp;Gerardo Zamora<\/strong>, que este a\u00f1o terminar\u00e1 su mandato y ser\u00e1 la cabeza de lista del&nbsp;<strong>Frente C\u00edvico por Santiago<\/strong>. El fin de semana present\u00f3 en sociedad la f\u00f3rmula que competir\u00e1 por su espacio, que estar\u00e1 integrada por El\u00edas Miguel Su\u00e1rez y Carlos Silva Neder.<\/p>\n\n\n\n<p>El otro candidato es&nbsp;<strong>Jos\u00e9<\/strong>&nbsp;<strong>Emilio \u201cPich\u00f3n\u201d Neder,<\/strong>&nbsp;que encabezar\u00e1 la boleta de&nbsp;<strong>Fuerza Patria.<\/strong>&nbsp;Ambos se unir\u00e1n despu\u00e9s en el Senado ya que, desde hace varios a\u00f1os, trabajan en forma conjunta. El frente local y el peronismo suelen ser, sistem\u00e1ticamente, las dos expresiones elegidas en forma mayoritaria, motivo por el cu\u00e1l la coalici\u00f3n que integran se queda con los legisladores de la mayor\u00eda pero tambi\u00e9n de la minor\u00eda. Zamora es socio pol\u00edtico del peronismo y funciona en forma coordinada con el kirchnerismo.<\/p>\n\n\n\n<p>En&nbsp;<strong>Entre R\u00edos&nbsp;<\/strong>hace varios d\u00edas que se defini\u00f3 la dupla que enfrentar\u00e1 a la alianza forjada por el gobierno local de Rogelio Frigerio y el gobierno nacional. La lista oficial del peronismo ser\u00e1 encabezada por&nbsp;<strong>Ad\u00e1n Bahl<\/strong>, como candidato a senador, y&nbsp;<strong>Guillermo Michel<\/strong>, como candidato a diputado.<\/p>\n","protected":false},"excerpt":{"rendered":"<p>El\u00a0peronismo nacional\u00a0se alista para enfrentar las elecciones de medio t\u00e9rmino ante La Libertad Avanza (LLA), que se presenta como la principal opci\u00f3n para medir fuerzas en el territorio. Si bien hay otras alternativas en cancha, la real disputa se dar\u00e1 entre esas dos expresiones pol\u00edticas, en una marcada polarizaci\u00f3n del escenario electoral. Uno de los [&hellip;]<\/p>\n","protected":false},"author":2,"featured_media":10711,"comment_status":"open","ping_status":"open","sticky":false,"template":"","format":"standard","meta":{"footnotes":""},"categories":[26],"tags":[],"class_list":{"0":"post-10710","1":"post","2":"type-post","3":"status-publish","4":"format-standard","5":"has-post-thumbnail","7":"category-nacionales"},"aioseo_notices":[],"_links":{"self":[{"href":"https:\/\/lalupa24.com.ar\/index.php\/wp-json\/wp\/v2\/posts\/10710","targetHints":{"allow":["GET"]}}],"collection":[{"href":"https:\/\/lalupa24.com.ar\/index.php\/wp-json\/wp\/v2\/posts"}],"about":[{"href":"https:\/\/lalupa24.com.ar\/index.php\/wp-json\/wp\/v2\/types\/post"}],"author":[{"embeddable":true,"href":"https:\/\/lalupa24.com.ar\/index.php\/wp-json\/wp\/v2\/users\/2"}],"replies":[{"embeddable":true,"href":"https:\/\/lalupa24.com.ar\/index.php\/wp-json\/wp\/v2\/comments?post=10710"}],"version-history":[{"count":1,"href":"https:\/\/lalupa24.com.ar\/index.php\/wp-json\/wp\/v2\/posts\/10710\/revisions"}],"predecessor-version":[{"id":10712,"href":"https:\/\/lalupa24.com.ar\/index.php\/wp-json\/wp\/v2\/posts\/10710\/revisions\/10712"}],"wp:featuredmedia":[{"embeddable":true,"href":"https:\/\/lalupa24.com.ar\/index.php\/wp-json\/wp\/v2\/media\/10711"}],"wp:attachment":[{"href":"https:\/\/lalupa24.com.ar\/index.php\/wp-json\/wp\/v2\/media?parent=10710"}],"wp:term":[{"taxonomy":"category","embeddable":true,"href":"https:\/\/lalupa24.com.ar\/index.php\/wp-json\/wp\/v2\/categories?post=10710"},{"taxonomy":"post_tag","embeddable":true,"href":"https:\/\/lalupa24.com.ar\/index.php\/wp-json\/wp\/v2\/tags?post=10710"}],"curies":[{"name":"wp","href":"https:\/\/api.w.org\/{rel}","templated":true}]}}