{"id":1072,"date":"2024-04-29T13:51:44","date_gmt":"2024-04-29T16:51:44","guid":{"rendered":"https:\/\/lalupa24.com.ar\/?p=1072"},"modified":"2024-04-29T13:51:45","modified_gmt":"2024-04-29T16:51:45","slug":"arranco-el-debate-de-la-ley-bases","status":"publish","type":"post","link":"https:\/\/lalupa24.com.ar\/index.php\/2024\/04\/29\/arranco-el-debate-de-la-ley-bases\/","title":{"rendered":"Arranc\u00f3 el debate de la Ley Bases \u00a0"},"content":{"rendered":"\n<p>Tras fuertes discusiones entre oficialismo y oposici\u00f3n arranc\u00f3 el debate de la Ley Bases jubilaciones, reforma laboral y los cambios clave que impulsa Milei<\/p>\n\n\n\n<p>El proyecto de Ley Bases del presidente Javier Milei se trata este lunes pasada las 12:30 donde se logro quorum la C\u00e1mara de Diputados el oficialismo conf\u00eda en darle media sanci\u00f3n con el apoyo de la oposici\u00f3n dialoguista al t\u00e9rmino de debate que se extender\u00eda hasta el martes, aunque persisten diferencias sobre varios art\u00edculos que ponen el foco sobre la votaci\u00f3n en particular.<\/p>\n\n\n\n<p>El oficialismo no quiere correr ning\u00fan riesgo de repetir la fallida experiencia de febrero y por esa raz\u00f3n la Casa Rosada instruy\u00f3 a Menem para que no haya cuarto intermedio.<\/p>\n\n\n\n<p>La iniciativa se trata junto al proyecto de &#8220;Medidas Fiscales&#8221; (que contempla entre otros puntos la restituci\u00f3n del Impuesto a las Ganancias) y la diferencia central con la primera versi\u00f3n, adem\u00e1s de haber pasado de 600 art\u00edculos a poco m\u00e1s de 250, es la incorporaci\u00f3n de una reforma laboral aunque m\u00e1s acotada que la que figuraba en el &#8220;mega DNU&#8221; de Milei debido a la presi\u00f3n que ejercieron la CGT y algunos de los diputados con los que el Gobierno tuvo que negociar.<\/p>\n\n\n\n<p>La sesi\u00f3n fue convocada por el presidente de la C\u00e1mara de Diputados, Mart\u00edn Menem, y se prev\u00e9 que se extienda hasta el martes, con una duraci\u00f3n aproximada de 40 horas. Si bien esto depender\u00e1 de la cantidad de diputados que se anoten para tomar la palabra, tanto el Gobierno como la oposici\u00f3n dialoguista quieren que el tema se defina antes del feriado del 1 de mayo.<\/p>\n\n\n\n<p>En principio, el oficialismo tiene asegurada la mayor\u00eda para la aprobaci\u00f3n en general de la Ley Bases. Seg\u00fan el conteo preliminar que hicieron en la C\u00e1mara de Diputados, el proyecto cosechar\u00eda entre 144 y 150 votos a favor luego de las numerosos cambios que acept\u00f3 el Gobierno para asegurarse el apoyo del PRO, la UCR, Hacemos Coalici\u00f3n Federal y algunos bloques provinciales.<\/p>\n\n\n\n<p>.La nueva versi\u00f3n de la Ley Bases se tratar\u00e1 en una sesi\u00f3n marat\u00f3nica que se extender\u00eda hasta el martes entre los puntos salientes esta la Reforma laboral y jubilados.<\/p>\n\n\n\n<p>El proyecto contempla la derogaci\u00f3n de multas por falta de registraci\u00f3n laboral (que tendr\u00e1 otro tipo de sanciones dependientes de una sentencia judicial firme y un mecanismo de denuncia m\u00e1s \u00e1gil por medios electr\u00f3nicos), la extensi\u00f3n del per\u00edodo de prueba a seis meses (hoy son tres) y el fondo de cese laboral y el seguro de desempleo como reemplazo del sistema de indemnizaciones, sujeto al acuerdo entre las partes en cada actividad.<\/p>\n\n\n\n<p>La reforma laboral es m\u00e1s acotada que la que pretend\u00eda Milei pero es un eje central del proyecto.<\/p>\n\n\n\n<p>El oficialismo tiene los votos para aprobar los proyectos en general pero la tensi\u00f3n volver\u00e1 a estar en la votaci\u00f3n por art\u00edculos<\/p>\n\n\n\n<p>Tanto el Gobierno como la oposici\u00f3n dialoguista apuntan a que Milei tenga un primer \u00e9xito legislativo<\/p>\n\n\n\n<p>En cuanto a los fondos fiduciarios, el tema que deriv\u00f3 en la ca\u00edda de la primera versi\u00f3n de Ley Bases, el Gobierno acept\u00f3 que si son eliminados se respete el origen de los fondos, es decir, si los recursos provinieran de un impuesto coparticipable, la eliminaci\u00f3n har\u00eda que vuelvan a la masa coparticipable y no al Tesoro.<\/p>\n\n\n\n<p>El proyecto de Ley Bases podr\u00eda tener tener m\u00e1s cambios durante la votaci\u00f3n en particular<\/p>\n\n\n\n<p>En ese contexto, los funcionarios aceitaron el di\u00e1logo con diputados y gobernadores para que la Ley Bases y el paquete fiscal est\u00e9n aprobados cuando llegue el 25 de mayo, la fecha que puso el Presidente para la firma del pacto. El cronograma est\u00e1 muy ajustado y el destino de los proyectos en el Senado todav\u00eda es una gran inc\u00f3gnita, pero por ahora el objetivo m\u00e1s importante para el Gobierno es que ambas iniciativas esta vez puedan pasar el filtro de la C\u00e1mara de Diputados.<\/p>\n","protected":false},"excerpt":{"rendered":"<p>Tras fuertes discusiones entre oficialismo y oposici\u00f3n arranc\u00f3 el debate de la Ley Bases jubilaciones, reforma laboral y los cambios clave que impulsa Milei El proyecto de Ley Bases del presidente Javier Milei se trata este lunes pasada las 12:30 donde se logro quorum la C\u00e1mara de Diputados el oficialismo conf\u00eda en darle media sanci\u00f3n [&hellip;]<\/p>\n","protected":false},"author":2,"featured_media":1073,"comment_status":"open","ping_status":"open","sticky":false,"template":"","format":"standard","meta":{"footnotes":""},"categories":[28],"tags":[],"class_list":{"0":"post-1072","1":"post","2":"type-post","3":"status-publish","4":"format-standard","5":"has-post-thumbnail","7":"category-locales"},"aioseo_notices":[],"_links":{"self":[{"href":"https:\/\/lalupa24.com.ar\/index.php\/wp-json\/wp\/v2\/posts\/1072","targetHints":{"allow":["GET"]}}],"collection":[{"href":"https:\/\/lalupa24.com.ar\/index.php\/wp-json\/wp\/v2\/posts"}],"about":[{"href":"https:\/\/lalupa24.com.ar\/index.php\/wp-json\/wp\/v2\/types\/post"}],"author":[{"embeddable":true,"href":"https:\/\/lalupa24.com.ar\/index.php\/wp-json\/wp\/v2\/users\/2"}],"replies":[{"embeddable":true,"href":"https:\/\/lalupa24.com.ar\/index.php\/wp-json\/wp\/v2\/comments?post=1072"}],"version-history":[{"count":1,"href":"https:\/\/lalupa24.com.ar\/index.php\/wp-json\/wp\/v2\/posts\/1072\/revisions"}],"predecessor-version":[{"id":1074,"href":"https:\/\/lalupa24.com.ar\/index.php\/wp-json\/wp\/v2\/posts\/1072\/revisions\/1074"}],"wp:featuredmedia":[{"embeddable":true,"href":"https:\/\/lalupa24.com.ar\/index.php\/wp-json\/wp\/v2\/media\/1073"}],"wp:attachment":[{"href":"https:\/\/lalupa24.com.ar\/index.php\/wp-json\/wp\/v2\/media?parent=1072"}],"wp:term":[{"taxonomy":"category","embeddable":true,"href":"https:\/\/lalupa24.com.ar\/index.php\/wp-json\/wp\/v2\/categories?post=1072"},{"taxonomy":"post_tag","embeddable":true,"href":"https:\/\/lalupa24.com.ar\/index.php\/wp-json\/wp\/v2\/tags?post=1072"}],"curies":[{"name":"wp","href":"https:\/\/api.w.org\/{rel}","templated":true}]}}