{"id":10722,"date":"2025-08-14T19:23:27","date_gmt":"2025-08-14T22:23:27","guid":{"rendered":"https:\/\/lalupa24.com.ar\/?p=10722"},"modified":"2025-08-14T19:23:28","modified_gmt":"2025-08-14T22:23:28","slug":"provincias-unidas-el-bloque-que-se-arma-para-disputar-el-poder-en-2027","status":"publish","type":"post","link":"https:\/\/lalupa24.com.ar\/index.php\/2025\/08\/14\/provincias-unidas-el-bloque-que-se-arma-para-disputar-el-poder-en-2027\/","title":{"rendered":"Provincias Unidas: el bloque que se arma para disputar el poder en 2027"},"content":{"rendered":"\n<p>Cinco gobernadores de distintos signos pol\u00edticos consolidan un espacio federal que busca jugar fuerte en las legislativas de este a\u00f1o, con la mira puesta en presentar un candidato presidencial en 2027. El bloque \u201cProvincias Unidas\u201d debutar\u00e1 formalmente en diciembre y podr\u00eda reunir una veintena de diputados, marcando el inicio de una nueva liga de poder territorial.<\/p>\n\n\n\n<p>Una de las novedades que aportan estas elecciones intermedias es la aparici\u00f3n de un espacio que apuesta a jugar fuerte en 2027. Para entonces, cuando ya el presidente Javier Milei adelant\u00f3 que se propone ir por la reelecci\u00f3n, piensan proponer un candidato presidencial propio. Ya lo han dicho.<\/p>\n\n\n\n<p>Hablamos de los cinco gobernadores que conforman el bloque que se present\u00f3 en sociedad como \u201cUn Grito Federal\u201d, y luego devino en \u201cProvincias Unidas\u201d, que de hecho ser\u00e1 el nombre que tendr\u00e1 la bancada que ser\u00e1 parte de la nueva C\u00e1mara baja desde el 10 de diciembre.<\/p>\n\n\n\n<p>La novedad en ese sentido es que los diputados que responden a esos gobernadores pasar\u00edan a formar parte de ese bloque, que podr\u00eda llegar a sumar una veintena a partir del 10 de diciembre. Dicho sea de paso, en la actualidad no act\u00faan de manera org\u00e1nica, pero representan una docena en la C\u00e1mara baja y suman cinco en el Senado.<\/p>\n\n\n\n<p>Recordemos que estamos hablando de los gobernadores Ignacio \u201cNacho\u201d Torres (Chubut), Maximiliano Pullaro (Santa Fe), Mart\u00edn Llaryora (C\u00f3rdoba), Carlos Sadir (Jujuy) y Claudio Vidal (Santa Cruz), y no se descarta que para fin de a\u00f1o, pasadas las elecciones, puedan sumar otros mandatarios.<\/p>\n\n\n\n<p>De estos gobernadores, el santafesino es el que en la actualidad menos legisladores tiene que le respondan, en relaci\u00f3n con la representaci\u00f3n legislativa que tiene esa provincia. De lo que fue Juntos por el Cambio, son diputados por el Pro Alejandro Bongiovanni, Germana Figueroa Casas, Luciano Laspina y Jos\u00e9 N\u00fa\u00f1ez; los ex Pro Gabriel Chumpitaz y Ver\u00f3nica Razzini; el radical disidente Mario Barletta y Melina Giorgi, quien permanece en el bloque UCR y es la \u00fanica alineada con el gobernador Maximiliano Pullaro.<\/p>\n\n\n\n<p>Pero a diferencia de lo que se daba hasta 2023, cuando el actual gobernador era solo candidato opositor y las listas se armaron en funci\u00f3n de la pulseada entre Patricia Bullrich y Horacio Rodr\u00edguez Larreta, postulantes presidenciales de JxC por entonces, la lista de Unidos -el nombre del espacio que gobierna esa provincia- la arma esta vez el propio Pullaro.<\/p>\n\n\n\n<p>De ah\u00ed que vaya a jugar fuerte este gobernador y haya pensado nada menos que en su vice para encabezar la lista para diputados. As\u00ed las cosas, Gisela Scaglia ser\u00eda n\u00famero puesto en ese lugar, dado que a pesar de ser del Pro est\u00e1 fuertemente alineada con su compa\u00f1ero de f\u00f3rmula y ser\u00eda una se\u00f1al contundente de que el gobernador juega fuerte en esta elecci\u00f3n.<\/p>\n\n\n\n<p>Unidos es en Santa Fe un espacio que aglutina a radicales como el gobernador, el Pro y el socialismo. Precisamente el segundo lugar de la lista que se terminar\u00e1 de armar el domingo ser\u00eda para un miembro del Partido Socialista, que actualmente tiene dos diputados nacionales, una de las cuales -M\u00f3nica Fein- concluye su mandato en diciembre. El otro es Esteban Paul\u00f3n, integrado al bloque de Miguel Pichetto, Encuentro Federal, quien coquetea con candidatearse a senador por la Ciudad de Buenos Aires, pero tiene mandato hasta 2027. El candidato socialista que vaya a integrarse a la lista de Unidos deber\u00e1 cumplir con la condici\u00f3n de ir -en el caso de ser elegido- al bloque de Provincias Unidas, alternativa no negociable que se les exige a todos los que integrar\u00e1n esa lista. Se especula con que vaya a ser Enrique Est\u00e9vez, actual ministro de Ambiente y Cambio Clim\u00e1tico de la provincia de Santa Fe, quien ya fue diputado nacional entre 2019 y 2023.<\/p>\n\n\n\n<p>La tercera de la lista ser\u00e1 Melina Giorgi, cuyo mandato concluye este a\u00f1o.<\/p>\n\n\n\n<p>Scaglia ya fue diputada nacional por el Pro entre 2013 y 2021 y en caso de confirmarse su postulaci\u00f3n ser\u00eda una de las figuras fuertes conque contar\u00eda el futuro bloque de Provincias Unidas.<\/p>\n\n\n\n<p>Al que ir\u00edan tambi\u00e9n los cordobeses alineados con Mart\u00edn Llaryora, quien jugar\u00e1 fuerte con una lista encabezada por el exgobernador y su mentor, Juan Schiaretti, el pol\u00edtico con mejor imagen de esa provincia. Como tambi\u00e9n juega fuerte el gobernador cordob\u00e9s, est\u00e1 abocado a la dif\u00edcil tarea de mantener en el redil a Natalia de la Sota, quien ha anunciado que se presentar\u00e1 el 26 de octubre con lista propia, por Defendamos C\u00f3rdoba. Recordemos que una de las hijas del fallecido exgobernador Juan Manuel de la Sota integra el bloque Encuentro Federal, junto a sus pares cordobeses, pero mantiene posturas independientes respecto de lo que manda el gobernador, en general alineadas con Uni\u00f3n por la Patria.<\/p>\n\n\n\n<p>Los votos que vaya a llevarse De la Sota son requeridos por Provincias Unidas. El tema para Llaryora y Pullaro es que La Libertad Avanza abreva en el mismo electorado y el desaf\u00edo es entonces conservar el voto propio que puso a esos gobernadores donde hoy est\u00e1n, sobre todo aprovechando que en las listas violeta no aparecer\u00e1 el nombre de Javier Milei.<\/p>\n\n\n\n<p>En Chubut, donde hay dos bancas en juego, ya est\u00e1 confirmado que encabezar\u00e1 la lista Ana Clara Romero, diputada del Pro totalmente alineada con el gobernador.<\/p>\n","protected":false},"excerpt":{"rendered":"<p>Cinco gobernadores de distintos signos pol\u00edticos consolidan un espacio federal que busca jugar fuerte en las legislativas de este a\u00f1o, con la mira puesta en presentar un candidato presidencial en 2027. El bloque \u201cProvincias Unidas\u201d debutar\u00e1 formalmente en diciembre y podr\u00eda reunir una veintena de diputados, marcando el inicio de una nueva liga de poder [&hellip;]<\/p>\n","protected":false},"author":11,"featured_media":10723,"comment_status":"open","ping_status":"open","sticky":false,"template":"","format":"standard","meta":{"footnotes":""},"categories":[26],"tags":[],"class_list":{"0":"post-10722","1":"post","2":"type-post","3":"status-publish","4":"format-standard","5":"has-post-thumbnail","7":"category-nacionales"},"aioseo_notices":[],"_links":{"self":[{"href":"https:\/\/lalupa24.com.ar\/index.php\/wp-json\/wp\/v2\/posts\/10722","targetHints":{"allow":["GET"]}}],"collection":[{"href":"https:\/\/lalupa24.com.ar\/index.php\/wp-json\/wp\/v2\/posts"}],"about":[{"href":"https:\/\/lalupa24.com.ar\/index.php\/wp-json\/wp\/v2\/types\/post"}],"author":[{"embeddable":true,"href":"https:\/\/lalupa24.com.ar\/index.php\/wp-json\/wp\/v2\/users\/11"}],"replies":[{"embeddable":true,"href":"https:\/\/lalupa24.com.ar\/index.php\/wp-json\/wp\/v2\/comments?post=10722"}],"version-history":[{"count":1,"href":"https:\/\/lalupa24.com.ar\/index.php\/wp-json\/wp\/v2\/posts\/10722\/revisions"}],"predecessor-version":[{"id":10724,"href":"https:\/\/lalupa24.com.ar\/index.php\/wp-json\/wp\/v2\/posts\/10722\/revisions\/10724"}],"wp:featuredmedia":[{"embeddable":true,"href":"https:\/\/lalupa24.com.ar\/index.php\/wp-json\/wp\/v2\/media\/10723"}],"wp:attachment":[{"href":"https:\/\/lalupa24.com.ar\/index.php\/wp-json\/wp\/v2\/media?parent=10722"}],"wp:term":[{"taxonomy":"category","embeddable":true,"href":"https:\/\/lalupa24.com.ar\/index.php\/wp-json\/wp\/v2\/categories?post=10722"},{"taxonomy":"post_tag","embeddable":true,"href":"https:\/\/lalupa24.com.ar\/index.php\/wp-json\/wp\/v2\/tags?post=10722"}],"curies":[{"name":"wp","href":"https:\/\/api.w.org\/{rel}","templated":true}]}}