{"id":10731,"date":"2025-08-14T19:50:19","date_gmt":"2025-08-14T22:50:19","guid":{"rendered":"https:\/\/lalupa24.com.ar\/?p=10731"},"modified":"2025-08-14T19:50:20","modified_gmt":"2025-08-14T22:50:20","slug":"piden-el-juicio-oral-para-el-expresidente-alberto-fernandez-en-la-causa-por-violencia-contra-fabiola-yanez","status":"publish","type":"post","link":"https:\/\/lalupa24.com.ar\/index.php\/2025\/08\/14\/piden-el-juicio-oral-para-el-expresidente-alberto-fernandez-en-la-causa-por-violencia-contra-fabiola-yanez\/","title":{"rendered":"Piden el juicio oral para el expresidente Alberto Fern\u00e1ndez en la causa por violencia contra Fabiola Y\u00e1\u00f1ez"},"content":{"rendered":"\n<p>Para el fiscal, en la causa pudieron probarse dos episodios de lesiones f\u00edsicas, el debilitamiento permanente de la salud de Fabiola Y\u00e1\u00f1ez y las coacciones para que la ex primera dama no denunciara los hechos en la justicia. Gonz\u00e1lez remarc\u00f3 que desde el a\u00f1o 2016 hasta agosto de 2024, el ex mandatario \u201cejerci\u00f3 de un modo sistem\u00e1tico violencia psicol\u00f3gica\u201d contra su entonces pareja \u201cbajo las formas de acosos, hostigamientos, controles, indiferencia, insultos, culpabilizaci\u00f3n, destrato, retiro de la palabra, ninguneos y hostilidad\u201d. El anexo con los chats entre la v\u00edctima y el imputado.<\/p>\n\n\n\n<p>El titular de la Fiscal\u00eda Nacional en lo Criminal y Correccional Federal N\u00b07, Ramiro Gonz\u00e1lez, solicit\u00f3 hoy que el ex presidente Alberto Fern\u00e1ndez sea llevado a juicio oral por distintos episodios de violencia f\u00edsica y psicol\u00f3gica hacia su ex pareja Fabiola Y\u00e1\u00f1ez que habr\u00eda cometido durante el transcurso de toda su relaci\u00f3n, desde 2016 hasta agosto de 2024.<\/p>\n\n\n\n<p>En el escrito, el representante del MPF pidi\u00f3 que sea juzgado por los delitos de lesiones graves, agravadas por haberse cometido en un contexto de violencia de g\u00e9nero y contra su pareja; lesiones leves tambi\u00e9n agravadas bajo esas mismas condiciones -reiteradas en dos oportunidades-, y amenazas coactivas. En caso de ser condenado, al expresidente podr\u00eda corresponderle una pena de hasta 15 a\u00f1os de prisi\u00f3n.<\/p>\n\n\n\n<p>\u201cEl desarrollo personal, profesional, de la vida pol\u00edtica y p\u00fablica del denunciado, contrasta de una manera notable con los de la v\u00edctima que se reconoce, de modo recurrente, frente una abrumadora situaci\u00f3n de desigualdad. La magnitud de la asimetr\u00eda que se pudo verificar, sign\u00f3 el v\u00ednculo desde sus inicios y, de alguna manera, fue determinante para la configuraci\u00f3n de las distintas formas y tipos de violencia comprobados en la causa\u201d, explic\u00f3 el fiscal en uno de los tramos del requerimiento presentado ante el Juzgado Criminal y Correccional Federal N\u00b010, a cargo del juez Juli\u00e1n Ercolini.<\/p>\n\n\n\n<p><strong>Las situaciones de violencia<\/strong><\/p>\n\n\n\n<p>De acuerdo con lo investigado en el expediente, Fern\u00e1ndez ejerci\u00f3 \u201cde un modo sistem\u00e1tico violencia psicol\u00f3gica contra Fabiola Y\u00e1\u00f1ez bajo las formas de acosos, hostigamientos, controles, indiferencia, insultos, culpabilizaci\u00f3n, destrato, retiro de la palabra, ninguneos y hostilidad\u201d desde por lo menos 2016 hasta el momento en que la damnificada inst\u00f3 la acci\u00f3n penal el 6 de agosto de 2024.<\/p>\n\n\n\n<p>En ese sentido, consider\u00f3 que hasta la elecci\u00f3n de Fern\u00e1ndez como presidente, el v\u00ednculo entre ambos estuvo marcado por ese tipo de agresiones, que escalaron a la violencia f\u00edsica luego del 2019 y que se manifestaron a trav\u00e9s de \u201cagarrones del cuello, zamarreos, cachetazos y golpes\u201d que provocaron lesiones en el cuerpo de Y\u00e1\u00f1ez.<\/p>\n\n\n\n<p>Concretamente, en el expediente se corrobor\u00f3 que, durante los meses anteriores al 12 de agosto de 2021, Fern\u00e1ndez lesion\u00f3 a su expareja mediante un agarr\u00f3n o zamarreo en el brazo, lo que le ocasion\u00f3 un hematoma que qued\u00f3 fotografiado por la v\u00edctima y cuya imagen envi\u00f3 por&nbsp;<em>WhatsApp<\/em>&nbsp;a la por entonces secretaria del mandatario.<\/p>\n\n\n\n<p>Justamente las conversaciones entre ambas forman parte de las evidencias evaluadas en el expediente, as\u00ed como tambi\u00e9n se analizaron los chats entre Fern\u00e1ndez y Y\u00e1\u00f1ez, que incluso conforman un anexo de 115 p\u00e1ginas que acompa\u00f1a al requerimiento. En el peritaje realizado por la Direcci\u00f3n General de Investigaciones y Apoyo Tecnol\u00f3gico a la Investigaci\u00f3n Penal (DATIP) respecto del celular presidencial, se pudo verificar la autenticidad de los di\u00e1logos que hab\u00eda aportado la querella y que \u201cdenotan el c\u00edrculo de violencia en el que se encontraba inmersa Fabiola Y\u00e1\u00f1ez\u201d.<\/p>\n\n\n\n<p>Adem\u00e1s, en la causa se acredit\u00f3 que entre la noche del 21 de junio de 2021 y la madrugada del 22, cuando la pareja se encontraba en la cama de la habitaci\u00f3n principal del chalet presidencial de la Quinta de Olivos, Fern\u00e1ndez golpe\u00f3 a su entonces pareja en el rostro, provoc\u00e1ndole una lesi\u00f3n en su ojo derecho.<\/p>\n\n\n\n<p>\u201cLa violencia f\u00edsica, fundamentalmente, en la modalidad de golpe a mano abierta se hizo recurrente hasta el final del mandato presidencial, incluso luego de la mudanza de la entonces primera dama del chalet principal a la casa de hu\u00e9spedes de Olivos durante 2023 hasta que, finalmente, parti\u00f3 a Madrid\u201d, remarc\u00f3 el fiscal.<\/p>\n\n\n\n<p>A ello le agreg\u00f3 que mientras la denunciante se encontraba en Espa\u00f1a, estaba \u201ccondicionada econ\u00f3micamente por su agresor\u201d y que el propio exmandatario la aconsejaba para que no hable y para que no inste la acci\u00f3n penal en su contra.<\/p>\n\n\n\n<p>De acuerdo a toda la evidencia recolectada, se sostuvo que Fern\u00e1ndez \u201crealiz\u00f3 conductas que provocaron un debilitamiento en la salud de Y\u00e1\u00f1ez\u201d. \u201cLas constantes bofetadas en la cara, zamarreos, ninguneos, destrato p\u00fablico, convencerla de realizarse un aborto y las actitudes violentas aprovechando su calidad de Jefe de Estado son solo algunas de las comprobadas acciones de Fern\u00e1ndez que provocaron un da\u00f1o en la salud de la v\u00edctima\u201d, enumer\u00f3.<\/p>\n\n\n\n<p>A lo largo de las 172 p\u00e1ginas que tiene el requerimiento, la fiscal\u00eda analiz\u00f3 las declaraciones de los m\u00e9dicos, del personal de la Quinta de Olivos y de la familia y el entorno de la ex primera dama. Tambi\u00e9n relev\u00f3 la documentaci\u00f3n m\u00e9dica aportada y las diversas comunicaciones de&nbsp;<em>WhatsApp<\/em>, que la defensa intent\u00f3 cuestionar a lo largo del proceso.<\/p>\n\n\n\n<p><strong>Un contexto comprobado de violencia de g\u00e9nero<\/strong><\/p>\n\n\n\n<p>\u201cEn el campo internacional de los derechos humanos existe un s\u00f3lido consenso acerca de que la violencia de g\u00e9nero, en cualquiera de sus manifestaciones, constituye una violaci\u00f3n de los derechos humanos de las mujeres y una forma de la discriminaci\u00f3n por motivos de g\u00e9nero\u201d, remarc\u00f3 el fiscal.<\/p>\n\n\n\n<p>\u201cLa proactividad del Ministerio Publico Fiscal con la intervenci\u00f3n en los actos procesales m\u00e1s relevantes, por caso la declaraci\u00f3n de la v\u00edctima, de la Unidad Fiscal Especializada en Violencia contra las Mujeres -UFEM- y la participaci\u00f3n en el proceso de la Direcci\u00f3n General de Acompa\u00f1amiento, Orientaci\u00f3n y Protecci\u00f3n a las V\u00edctimas -DOVIC- de la Procuraci\u00f3n General de la Naci\u00f3n, dan cuenta la direcci\u00f3n de una investigaci\u00f3n que, desde el inicio, se enmarc\u00f3 dentro de los est\u00e1ndares de diligencia se\u00f1alados\u201d, agreg\u00f3.<\/p>\n\n\n\n<p>En esa l\u00ednea, consider\u00f3 que deb\u00eda resaltar que desde la defensa hab\u00edan intentado, a trav\u00e9s de prejuicios y estereotipos, atacar la denuncia realizada. \u201cEn lugar de intentar desvirtuar los hechos denunciados, parecen pretender focalizar la investigaci\u00f3n sobre comportamientos, pr\u00e1cticas, des\u00f3rdenes de la v\u00edctima como una forma de responsabilizarla por hechos del proceso\u201d, explic\u00f3 el fiscal. Consider\u00f3 que la descalificaci\u00f3n de la v\u00edctima en casos de violencia es uno de los aspectos que debe removerse de las investigaciones.<\/p>\n\n\n\n<p>\u201cEsta representaci\u00f3n del MPF considera de nulo valor para formar convicci\u00f3n las declaraciones que pretenden asentar el debate -y lo dir\u00e9 de un modo sencillo, tal vez crudo, pero no menos evidente-, sobre la idea de Fabiola Y\u00e1\u00f1ez como una \u2018borracha\u2019, \u2018mala madre\u2019, de \u2018m\u00faltiples personalidades\u2019 y que la ubican ante una suerte de responsabilidad compartida por la forma de conducci\u00f3n de su vida\u201d, recalc\u00f3.<\/p>\n\n\n\n<p>Por ese motivo, Gonz\u00e1lez hizo foco en que las pruebas dentro del expediente no deben ser interpretadas como hechos aislados sino como episodios enmarcados en un contexto&nbsp; comprobado, un acreditado c\u00edrculo de la violencia contra la mujer.<\/p>\n\n\n\n<p>\u201cResulta particularmente relevante que hayan quedado registradas en formato audiovisual, pues junto con el material aportado con posterioridad, permite advertir con mucha claridad la existencia de una presi\u00f3n personal y directa del ex presidente con el objeto intentar quitarle relevancia a los hechos, directamente ocultarlos, a trav\u00e9s de una versi\u00f3n consensuada que nada tiene que ver con las vivencias relatadas por Y\u00e1\u00f1ez\u201d, concluy\u00f3.<\/p>\n","protected":false},"excerpt":{"rendered":"<p>Para el fiscal, en la causa pudieron probarse dos episodios de lesiones f\u00edsicas, el debilitamiento permanente de la salud de Fabiola Y\u00e1\u00f1ez y las coacciones para que la ex primera dama no denunciara los hechos en la justicia. Gonz\u00e1lez remarc\u00f3 que desde el a\u00f1o 2016 hasta agosto de 2024, el ex mandatario \u201cejerci\u00f3 de un [&hellip;]<\/p>\n","protected":false},"author":11,"featured_media":10732,"comment_status":"open","ping_status":"open","sticky":false,"template":"","format":"standard","meta":{"footnotes":""},"categories":[26],"tags":[],"class_list":{"0":"post-10731","1":"post","2":"type-post","3":"status-publish","4":"format-standard","5":"has-post-thumbnail","7":"category-nacionales"},"aioseo_notices":[],"_links":{"self":[{"href":"https:\/\/lalupa24.com.ar\/index.php\/wp-json\/wp\/v2\/posts\/10731","targetHints":{"allow":["GET"]}}],"collection":[{"href":"https:\/\/lalupa24.com.ar\/index.php\/wp-json\/wp\/v2\/posts"}],"about":[{"href":"https:\/\/lalupa24.com.ar\/index.php\/wp-json\/wp\/v2\/types\/post"}],"author":[{"embeddable":true,"href":"https:\/\/lalupa24.com.ar\/index.php\/wp-json\/wp\/v2\/users\/11"}],"replies":[{"embeddable":true,"href":"https:\/\/lalupa24.com.ar\/index.php\/wp-json\/wp\/v2\/comments?post=10731"}],"version-history":[{"count":1,"href":"https:\/\/lalupa24.com.ar\/index.php\/wp-json\/wp\/v2\/posts\/10731\/revisions"}],"predecessor-version":[{"id":10733,"href":"https:\/\/lalupa24.com.ar\/index.php\/wp-json\/wp\/v2\/posts\/10731\/revisions\/10733"}],"wp:featuredmedia":[{"embeddable":true,"href":"https:\/\/lalupa24.com.ar\/index.php\/wp-json\/wp\/v2\/media\/10732"}],"wp:attachment":[{"href":"https:\/\/lalupa24.com.ar\/index.php\/wp-json\/wp\/v2\/media?parent=10731"}],"wp:term":[{"taxonomy":"category","embeddable":true,"href":"https:\/\/lalupa24.com.ar\/index.php\/wp-json\/wp\/v2\/categories?post=10731"},{"taxonomy":"post_tag","embeddable":true,"href":"https:\/\/lalupa24.com.ar\/index.php\/wp-json\/wp\/v2\/tags?post=10731"}],"curies":[{"name":"wp","href":"https:\/\/api.w.org\/{rel}","templated":true}]}}