{"id":10734,"date":"2025-08-14T21:05:29","date_gmt":"2025-08-15T00:05:29","guid":{"rendered":"https:\/\/lalupa24.com.ar\/?p=10734"},"modified":"2025-08-14T21:05:30","modified_gmt":"2025-08-15T00:05:30","slug":"barranqueras-impulsa-el-consumo-local-y-la-sustentabilidad-con-la-feria-tu-punto-verde","status":"publish","type":"post","link":"https:\/\/lalupa24.com.ar\/index.php\/2025\/08\/14\/barranqueras-impulsa-el-consumo-local-y-la-sustentabilidad-con-la-feria-tu-punto-verde\/","title":{"rendered":"Barranqueras impulsa el consumo local y la sustentabilidad con la feria \u201cTu Punto Verde\u201d"},"content":{"rendered":"\n<p><strong>La Municipalidad de Barranqueras llev\u00f3 adelante una nueva edici\u00f3n de la feria \u201cTu Punto Verde\u201d, desarrollada sobre la vereda del Sindicato Petrolero, en las inmediaciones de las calles Ayacucho y Leandro N. Alem.<\/strong><\/p>\n\n\n\n<p><strong>La propuesta tuvo como objetivo promover el consumo local, incentivar el cultivo propio y fomentar pr\u00e1cticas sustentables, ofreciendo a los vecinos y vecinas la posibilidad de acceder a verduras de huertas locales, plantas ornamentales, especies arom\u00e1ticas y artesan\u00edas.<\/strong><\/p>\n\n\n\n<p><strong>Como parte de las acciones de concientizaci\u00f3n ambiental, se realiz\u00f3 adem\u00e1s un intercambio de plantines por materiales reciclables, buscando reforzar el compromiso comunitario con el cuidado del medioambiente y la econom\u00eda circular.<\/strong><\/p>\n\n\n\n<p><strong>Desde el Municipio destacamos que este tipo de iniciativas fortalece el v\u00ednculo entre productores y consumidores locales, impulsa la econom\u00eda barrial y contribuye a la construcci\u00f3n de una ciudad m\u00e1s sustentable.<\/strong><\/p>\n","protected":false},"excerpt":{"rendered":"<p>La Municipalidad de Barranqueras llev\u00f3 adelante una nueva edici\u00f3n de la feria \u201cTu Punto Verde\u201d, desarrollada sobre la vereda del Sindicato Petrolero, en las inmediaciones de las calles Ayacucho y Leandro N. Alem. La propuesta tuvo como objetivo promover el consumo local, incentivar el cultivo propio y fomentar pr\u00e1cticas sustentables, ofreciendo a los vecinos y [&hellip;]<\/p>\n","protected":false},"author":11,"featured_media":10735,"comment_status":"open","ping_status":"open","sticky":false,"template":"","format":"standard","meta":{"footnotes":""},"categories":[28],"tags":[],"class_list":{"0":"post-10734","1":"post","2":"type-post","3":"status-publish","4":"format-standard","5":"has-post-thumbnail","7":"category-locales"},"aioseo_notices":[],"_links":{"self":[{"href":"https:\/\/lalupa24.com.ar\/index.php\/wp-json\/wp\/v2\/posts\/10734","targetHints":{"allow":["GET"]}}],"collection":[{"href":"https:\/\/lalupa24.com.ar\/index.php\/wp-json\/wp\/v2\/posts"}],"about":[{"href":"https:\/\/lalupa24.com.ar\/index.php\/wp-json\/wp\/v2\/types\/post"}],"author":[{"embeddable":true,"href":"https:\/\/lalupa24.com.ar\/index.php\/wp-json\/wp\/v2\/users\/11"}],"replies":[{"embeddable":true,"href":"https:\/\/lalupa24.com.ar\/index.php\/wp-json\/wp\/v2\/comments?post=10734"}],"version-history":[{"count":1,"href":"https:\/\/lalupa24.com.ar\/index.php\/wp-json\/wp\/v2\/posts\/10734\/revisions"}],"predecessor-version":[{"id":10736,"href":"https:\/\/lalupa24.com.ar\/index.php\/wp-json\/wp\/v2\/posts\/10734\/revisions\/10736"}],"wp:featuredmedia":[{"embeddable":true,"href":"https:\/\/lalupa24.com.ar\/index.php\/wp-json\/wp\/v2\/media\/10735"}],"wp:attachment":[{"href":"https:\/\/lalupa24.com.ar\/index.php\/wp-json\/wp\/v2\/media?parent=10734"}],"wp:term":[{"taxonomy":"category","embeddable":true,"href":"https:\/\/lalupa24.com.ar\/index.php\/wp-json\/wp\/v2\/categories?post=10734"},{"taxonomy":"post_tag","embeddable":true,"href":"https:\/\/lalupa24.com.ar\/index.php\/wp-json\/wp\/v2\/tags?post=10734"}],"curies":[{"name":"wp","href":"https:\/\/api.w.org\/{rel}","templated":true}]}}