{"id":10740,"date":"2025-08-14T21:25:41","date_gmt":"2025-08-15T00:25:41","guid":{"rendered":"https:\/\/lalupa24.com.ar\/?p=10740"},"modified":"2025-08-14T21:25:41","modified_gmt":"2025-08-15T00:25:41","slug":"javier-milei-lanzo-la-campana-en-provincia-con-duros-insultos-a-kicillof-lo-llamo-comunista-enano","status":"publish","type":"post","link":"https:\/\/lalupa24.com.ar\/index.php\/2025\/08\/14\/javier-milei-lanzo-la-campana-en-provincia-con-duros-insultos-a-kicillof-lo-llamo-comunista-enano\/","title":{"rendered":"Javier Milei lanz\u00f3 la campa\u00f1a en Provincia con duros insultos a Kicillof: lo llam\u00f3 &#8220;comunista enano&#8221;"},"content":{"rendered":"\n<p><strong>El Presidente encabez\u00f3 el acto de La Libertad Avanza en La Plata. Acus\u00f3 al kirchnerismo de convertir a Buenos Aires en una &#8220;verg\u00fcenza nacional&#8221;.<\/strong><\/p>\n\n\n\n<p><strong>El presidente Javier Milei afirm\u00f3 hoy que el kirchnerismo \u201cha convertido la provincia de Buenos Aires en una verg\u00fcenza nacional\u201d, al polarizar con el gobernador Axel Kicillof en el lanzamiento de la campa\u00f1a de La Libertad Avanza (LLA).<\/strong><\/p>\n\n\n\n<p><strong>El distrito \u201cdeber\u00eda ser punta de lanza de la riqueza nacional pero fue transformada en un reducto de atraso\u201d, dijo Milei al cerrar el acto que LLA realiz\u00f3 en el club Atenas de la ciudad de La Plata.<\/strong><\/p>\n\n\n\n<p><strong>\u201cHan convertido la provincia de Buenos Aires en una verg\u00fcenza nacional\u201d, insisti\u00f3.<\/strong><\/p>\n\n\n\n<p><strong>El mandatario llam\u00f3 a \u201cponerle un freno\u201d al gobernador bonaerense, Axel Kicillof, y al \u201cmaldito kirchnerismo\u201d, y calific\u00f3 al gobernador como \u201ccomunista enano\u201d.<\/strong><\/p>\n\n\n\n<p><strong>Tambi\u00e9n dijo que el peronismo \u201ctiene miedo de que lo aplasten los violetas\u201d, en referencia a LLA.<\/strong><\/p>\n\n\n\n<p><strong>Asimismo, cuestion\u00f3 la decisi\u00f3n de Kicillof de haber desdoblado la elecci\u00f3n para el 7 de septiembre, al se\u00f1alar que \u201cquieren que los bonaerenses de bien se queden en la casa, para que solo vayan a votar sus \u00f1oquis y la elecci\u00f3n la decida el aparato\u201d.<\/strong><\/p>\n\n\n\n<p><strong>\u201cNo es casualidad que los intendentes vayan de candidatos, a pesar de que no tengan ninguna intenci\u00f3n de asumir, lo cual es un fraude moral\u201d, dijo sobre las candidaturas testimoniales de Fuerza Patria.<\/strong><\/p>\n","protected":false},"excerpt":{"rendered":"<p>El Presidente encabez\u00f3 el acto de La Libertad Avanza en La Plata. Acus\u00f3 al kirchnerismo de convertir a Buenos Aires en una &#8220;verg\u00fcenza nacional&#8221;. El presidente Javier Milei afirm\u00f3 hoy que el kirchnerismo \u201cha convertido la provincia de Buenos Aires en una verg\u00fcenza nacional\u201d, al polarizar con el gobernador Axel Kicillof en el lanzamiento de [&hellip;]<\/p>\n","protected":false},"author":11,"featured_media":10741,"comment_status":"open","ping_status":"open","sticky":false,"template":"","format":"standard","meta":{"footnotes":""},"categories":[26],"tags":[],"class_list":{"0":"post-10740","1":"post","2":"type-post","3":"status-publish","4":"format-standard","5":"has-post-thumbnail","7":"category-nacionales"},"aioseo_notices":[],"_links":{"self":[{"href":"https:\/\/lalupa24.com.ar\/index.php\/wp-json\/wp\/v2\/posts\/10740","targetHints":{"allow":["GET"]}}],"collection":[{"href":"https:\/\/lalupa24.com.ar\/index.php\/wp-json\/wp\/v2\/posts"}],"about":[{"href":"https:\/\/lalupa24.com.ar\/index.php\/wp-json\/wp\/v2\/types\/post"}],"author":[{"embeddable":true,"href":"https:\/\/lalupa24.com.ar\/index.php\/wp-json\/wp\/v2\/users\/11"}],"replies":[{"embeddable":true,"href":"https:\/\/lalupa24.com.ar\/index.php\/wp-json\/wp\/v2\/comments?post=10740"}],"version-history":[{"count":1,"href":"https:\/\/lalupa24.com.ar\/index.php\/wp-json\/wp\/v2\/posts\/10740\/revisions"}],"predecessor-version":[{"id":10742,"href":"https:\/\/lalupa24.com.ar\/index.php\/wp-json\/wp\/v2\/posts\/10740\/revisions\/10742"}],"wp:featuredmedia":[{"embeddable":true,"href":"https:\/\/lalupa24.com.ar\/index.php\/wp-json\/wp\/v2\/media\/10741"}],"wp:attachment":[{"href":"https:\/\/lalupa24.com.ar\/index.php\/wp-json\/wp\/v2\/media?parent=10740"}],"wp:term":[{"taxonomy":"category","embeddable":true,"href":"https:\/\/lalupa24.com.ar\/index.php\/wp-json\/wp\/v2\/categories?post=10740"},{"taxonomy":"post_tag","embeddable":true,"href":"https:\/\/lalupa24.com.ar\/index.php\/wp-json\/wp\/v2\/tags?post=10740"}],"curies":[{"name":"wp","href":"https:\/\/api.w.org\/{rel}","templated":true}]}}